{"id":9291,"date":"2021-03-17T15:25:11","date_gmt":"2021-03-17T13:25:11","guid":{"rendered":"https:\/\/www.budokwai.fi\/taekwondo\/?p=9291"},"modified":"2021-03-17T15:25:11","modified_gmt":"2021-03-17T13:25:11","slug":"vyokokeesta-21-uutta-vyoarvoa","status":"publish","type":"post","link":"https:\/\/www.budokwai.fi\/taekwondo\/vyokokeesta-21-uutta-vyoarvoa\/","title":{"rendered":"Vy\u00f6kokeesta 21 uutta vy\u00f6arvoa!"},"content":{"rendered":"\n<p>Tiistaina 16.3.2021 j\u00e4rjestettiin vy\u00f6koe koronarajoitusten puitteissa. Kaikki osallistuneet saivat uuden vy\u00f6arvon ja p\u00e4\u00e4opettajamme Jarkko M\u00e4kinen kehui lapsia ahkerasta harjoittelemisesta, joka n\u00e4kyi suorituksissa. Paljon onnea kaikille! L\u00e4mmin kiitos my\u00f6s vanhemmille ja saattajille rajoitusten noudattamisesta ja ymm\u00e4rryksest\u00e4.<\/p>\n\n\n\n<div class=\"wp-block-image\"><figure class=\"alignright size-large is-resized\"><img loading=\"lazy\" decoding=\"async\" src=\"https:\/\/www.staging4.budokwai.fi\/taekwondo\/wp-content\/uploads\/2021\/03\/mustat-natsat-800x450.jpg\" alt=\"\" class=\"wp-image-9292\" width=\"358\" height=\"201\" srcset=\"https:\/\/www.budokwai.fi\/taekwondo\/wp-content\/uploads\/2021\/03\/mustat-natsat-800x450.jpg 800w, https:\/\/www.budokwai.fi\/taekwondo\/wp-content\/uploads\/2021\/03\/mustat-natsat-400x225.jpg 400w, https:\/\/www.budokwai.fi\/taekwondo\/wp-content\/uploads\/2021\/03\/mustat-natsat-768x432.jpg 768w, https:\/\/www.budokwai.fi\/taekwondo\/wp-content\/uploads\/2021\/03\/mustat-natsat-1536x864.jpg 1536w, https:\/\/www.budokwai.fi\/taekwondo\/wp-content\/uploads\/2021\/03\/mustat-natsat.jpg 2016w\" sizes=\"auto, (max-width: 358px) 100vw, 358px\" \/><\/figure><\/div>\n\n\n\n<div class=\"wp-block-group\"><div class=\"wp-block-group__inner-container is-layout-flow wp-block-group-is-layout-flow\">\n<h4 class=\"wp-block-heading\">1. kup<\/h4>\n<\/div><\/div>\n\n\n\n<ul class=\"wp-block-list\"><li>Emil Karma<\/li><li>Julius Karma<\/li><\/ul>\n\n\n\n<h4 class=\"wp-block-heading\">4. kup<\/h4>\n\n\n\n<ul class=\"wp-block-list\"><li>Viida Fatam<\/li><li>Ewan Ndua<\/li><li>Aake Noro<\/li><li>Pihla Pajatsalo<\/li><\/ul>\n\n\n\n<div class=\"wp-block-image\"><figure class=\"alignright size-large is-resized\"><img loading=\"lazy\" decoding=\"async\" src=\"https:\/\/www.staging4.budokwai.fi\/taekwondo\/wp-content\/uploads\/2021\/03\/Vihre\u00e4t-ja-siniset-800x450.jpg\" alt=\"\" class=\"wp-image-9294\" width=\"364\" height=\"205\" srcset=\"https:\/\/www.budokwai.fi\/taekwondo\/wp-content\/uploads\/2021\/03\/Vihre\u00e4t-ja-siniset-800x450.jpg 800w, https:\/\/www.budokwai.fi\/taekwondo\/wp-content\/uploads\/2021\/03\/Vihre\u00e4t-ja-siniset-400x225.jpg 400w, https:\/\/www.budokwai.fi\/taekwondo\/wp-content\/uploads\/2021\/03\/Vihre\u00e4t-ja-siniset-768x432.jpg 768w, https:\/\/www.budokwai.fi\/taekwondo\/wp-content\/uploads\/2021\/03\/Vihre\u00e4t-ja-siniset-1536x864.jpg 1536w, https:\/\/www.budokwai.fi\/taekwondo\/wp-content\/uploads\/2021\/03\/Vihre\u00e4t-ja-siniset.jpg 2016w\" sizes=\"auto, (max-width: 364px) 100vw, 364px\" \/><\/figure><\/div>\n\n\n\n<h4 class=\"wp-block-heading\">5. kup<\/h4>\n\n\n\n<ul class=\"wp-block-list\"><li>Rauha Frilund<\/li><li>Aida Tammila<\/li><li>Anissa Virtanen<\/li><li>Samuel Ndua<\/li><\/ul>\n\n\n\n<h4 class=\"wp-block-heading\">6. kup<\/h4>\n\n\n\n<ul class=\"wp-block-list\"><li>Ilari Udd<\/li><li>Henrik Engst\u00f6m<\/li><li>Julia Manninen<\/li><li>Mio Kes\u00e4l\u00e4inen<\/li><\/ul>\n\n\n\n<div class=\"wp-block-image\"><figure class=\"alignright size-large is-resized\"><img loading=\"lazy\" decoding=\"async\" src=\"https:\/\/www.staging4.budokwai.fi\/taekwondo\/wp-content\/uploads\/2021\/03\/keltaiset-800x450.jpg\" alt=\"\" class=\"wp-image-9293\" width=\"367\" height=\"206\" srcset=\"https:\/\/www.budokwai.fi\/taekwondo\/wp-content\/uploads\/2021\/03\/keltaiset-800x450.jpg 800w, https:\/\/www.budokwai.fi\/taekwondo\/wp-content\/uploads\/2021\/03\/keltaiset-400x225.jpg 400w, https:\/\/www.budokwai.fi\/taekwondo\/wp-content\/uploads\/2021\/03\/keltaiset-768x432.jpg 768w, https:\/\/www.budokwai.fi\/taekwondo\/wp-content\/uploads\/2021\/03\/keltaiset-1536x864.jpg 1536w, https:\/\/www.budokwai.fi\/taekwondo\/wp-content\/uploads\/2021\/03\/keltaiset.jpg 2016w\" sizes=\"auto, (max-width: 367px) 100vw, 367px\" \/><\/figure><\/div>\n\n\n\n<h4 class=\"wp-block-heading\">7. kup<\/h4>\n\n\n\n<ul class=\"wp-block-list\"><li>Daniel L\u00f6nnfors<\/li><li>Osmo Paananen<\/li><li>Toivo Frilund<\/li><li>Ossian Viitanen<\/li><li>Emppu M\u00e4ntt\u00e4ri<\/li><\/ul>\n\n\n\n<h4 class=\"wp-block-heading\">8. kup<\/h4>\n\n\n\n<ul class=\"wp-block-list\"><li>Jesse Teikari<\/li><li>Sobhan Yousefi<\/li><\/ul>\n\n\n","protected":false},"excerpt":{"rendered":"<p>1. kup Emil Karma Julius Karma 4. kup Viida Fatam Ewan Ndua Aake Noro Pihla Pajatsalo 5. kup Rauha Frilund Aida Tammila Anissa Virtanen Samuel Ndua 6. kup Ilari Udd Henrik Engst\u00f6m Julia Manninen Mio Kes\u00e4l\u00e4inen 7. kup Daniel L\u00f6nnfors Osmo Paananen Toivo Frilund Ossian Viitanen Emppu M\u00e4ntt\u00e4ri 8. kup Jesse Teikari Sobhan Yousefi<\/p>\n","protected":false},"author":8,"featured_media":9303,"comment_status":"closed","ping_status":"open","sticky":false,"template":"","format":"standard","meta":{"_gspb_post_css":"","_jetpack_memberships_contains_paid_content":false,"footnotes":"","jetpack_publicize_message":"","jetpack_publicize_feature_enabled":true,"jetpack_social_post_already_shared":true,"jetpack_social_options":{"image_generator_settings":{"template":"highway","default_image_id":0,"font":"","enabled":false},"version":2}},"categories":[1],"tags":[],"class_list":["post-9291","post","type-post","status-publish","format-standard","has-post-thumbnail","hentry","category-uutiset"],"blocksy_meta":[],"jetpack_publicize_connections":[],"jetpack_featured_media_url":"https:\/\/www.budokwai.fi\/taekwondo\/wp-content\/uploads\/2021\/03\/IMG_20210317_151927.jpg","jetpack_shortlink":"https:\/\/wp.me\/p2Mq3v-2pR","jetpack_sharing_enabled":true,"_links":{"self":[{"href":"https:\/\/www.budokwai.fi\/taekwondo\/wp-json\/wp\/v2\/posts\/9291","targetHints":{"allow":["GET"]}}],"collection":[{"href":"https:\/\/www.budokwai.fi\/taekwondo\/wp-json\/wp\/v2\/posts"}],"about":[{"href":"https:\/\/www.budokwai.fi\/taekwondo\/wp-json\/wp\/v2\/types\/post"}],"author":[{"embeddable":true,"href":"https:\/\/www.budokwai.fi\/taekwondo\/wp-json\/wp\/v2\/users\/8"}],"replies":[{"embeddable":true,"href":"https:\/\/www.budokwai.fi\/taekwondo\/wp-json\/wp\/v2\/comments?post=9291"}],"version-history":[{"count":9,"href":"https:\/\/www.budokwai.fi\/taekwondo\/wp-json\/wp\/v2\/posts\/9291\/revisions"}],"predecessor-version":[{"id":9304,"href":"https:\/\/www.budokwai.fi\/taekwondo\/wp-json\/wp\/v2\/posts\/9291\/revisions\/9304"}],"wp:featuredmedia":[{"embeddable":true,"href":"https:\/\/www.budokwai.fi\/taekwondo\/wp-json\/wp\/v2\/media\/9303"}],"wp:attachment":[{"href":"https:\/\/www.budokwai.fi\/taekwondo\/wp-json\/wp\/v2\/media?parent=9291"}],"wp:term":[{"taxonomy":"category","embeddable":true,"href":"https:\/\/www.budokwai.fi\/taekwondo\/wp-json\/wp\/v2\/categories?post=9291"},{"taxonomy":"post_tag","embeddable":true,"href":"https:\/\/www.budokwai.fi\/taekwondo\/wp-json\/wp\/v2\/tags?post=9291"}],"curies":[{"name":"wp","href":"https:\/\/api.w.org\/{rel}","templated":true}]}}