{"id":8272,"date":"2019-06-04T19:35:34","date_gmt":"2019-06-04T16:35:34","guid":{"rendered":"http:\/\/www.budokwai.fi\/taekwondo\/?p=8272"},"modified":"2019-06-04T19:35:34","modified_gmt":"2019-06-04T16:35:34","slug":"taas-on-suoritettu-uusia-vyoarvoja","status":"publish","type":"post","link":"https:\/\/www.budokwai.fi\/taekwondo\/taas-on-suoritettu-uusia-vyoarvoja\/","title":{"rendered":"Taas on suoritettu uusia vy\u00f6arvoja"},"content":{"rendered":"\n<p>Maanantaina 27.5.2019 vy\u00f6kokeessa olivat pienet kerhoik\u00e4iset ja seuraavana p\u00e4iv\u00e4n\u00e4 tiistaina v\u00e4h\u00e4n vanhemmat lapset sek\u00e4 aikuiset. Kaikki olivat harjoitelleet kovasti ja se n\u00e4kyi tuloksissa. Paljon onnea kaikille!!<\/p>\n\n\n\n<h3 class=\"wp-block-heading\">3. kup<\/h3>\n\n\n\n<p>Jenna Yl\u00f6nen<br>Nea-Anna Kurkela<\/p>\n\n\n\n<div class=\"wp-block-image\"><figure class=\"alignright is-resized\"><img loading=\"lazy\" decoding=\"async\" src=\"http:\/\/www.budokwai.fi\/taekwondo\/wp\/wp-content\/uploads\/2019\/06\/aikuisten-vy\u00f6koe-800x600.jpg\" alt=\"\" class=\"wp-image-8273\" width=\"387\" height=\"290\" srcset=\"https:\/\/www.budokwai.fi\/taekwondo\/wp-content\/uploads\/2019\/06\/aikuisten-vy\u00f6koe-800x600.jpg 800w, https:\/\/www.budokwai.fi\/taekwondo\/wp-content\/uploads\/2019\/06\/aikuisten-vy\u00f6koe-400x300.jpg 400w, https:\/\/www.budokwai.fi\/taekwondo\/wp-content\/uploads\/2019\/06\/aikuisten-vy\u00f6koe-768x576.jpg 768w, https:\/\/www.budokwai.fi\/taekwondo\/wp-content\/uploads\/2019\/06\/aikuisten-vy\u00f6koe.jpg 2048w\" sizes=\"auto, (max-width: 387px) 100vw, 387px\" \/><\/figure><\/div>\n\n\n\n<h3 class=\"wp-block-heading\">4. kup<\/h3>\n\n\n\n<p>Alaa Fatam<br>Mikko Heimo<br>Anu Mattsson<br>Aura L\u00e4nsisalmi<br>Eimi Turta<br>Paula H\u00e4lfors<br>Sara Siika-Aho<\/p>\n\n\n\n<h3 class=\"wp-block-heading\">6. kup<\/h3>\n\n\n\n<p>Eero Laine<br>Tuomas Gr\u00f6nlund<br>Nea Tolvanen<br>Matias Etel\u00e4m\u00e4ki<br>Jonatan Ringvall<br>Aino Ahtiainen<br>Aake Noro<br>Joel Hakkila<\/p>\n\n\n\n<h3 class=\"wp-block-heading\">7. kup<\/h3>\n\n\n\n<div class=\"wp-block-image\"><figure class=\"alignright is-resized\"><img loading=\"lazy\" decoding=\"async\" src=\"http:\/\/www.budokwai.fi\/taekwondo\/wp\/wp-content\/uploads\/2019\/06\/pienten-vy\u00f6koe-800x600.jpg\" alt=\"\" class=\"wp-image-8274\" width=\"389\" height=\"292\" srcset=\"https:\/\/www.budokwai.fi\/taekwondo\/wp-content\/uploads\/2019\/06\/pienten-vy\u00f6koe-800x600.jpg 800w, https:\/\/www.budokwai.fi\/taekwondo\/wp-content\/uploads\/2019\/06\/pienten-vy\u00f6koe-400x300.jpg 400w, https:\/\/www.budokwai.fi\/taekwondo\/wp-content\/uploads\/2019\/06\/pienten-vy\u00f6koe-768x576.jpg 768w, https:\/\/www.budokwai.fi\/taekwondo\/wp-content\/uploads\/2019\/06\/pienten-vy\u00f6koe.jpg 2048w\" sizes=\"auto, (max-width: 389px) 100vw, 389px\" \/><\/figure><\/div>\n\n\n\n<p>Eevi Lehtinen<br>Kiira Leinonen<br>Mikael K\u00e4rkk\u00e4inen<br>Max Botvin<br>Ilmari Aittokoski<br>Otso Kauko<br>Eero Vihervirta<br>Lucas Lommerse<br>Elias Savolainen<br>Patrick Ylitalo<br>Sauli Rahi<br>Mirko Sipil\u00e4<br>Joas Ringvall<br>Arshan Amirkhani<br>Penni Malmi<br>Eemeli Malmi<br>Aaron M\u00e4kinen<br>Volter Pietarinen<br>Meri Tammila<\/p>\n\n\n\n<h3 class=\"wp-block-heading\">8. kup<\/h3>\n\n\n\n<div class=\"wp-block-image\"><figure class=\"alignright is-resized\"><img loading=\"lazy\" decoding=\"async\" src=\"http:\/\/www.budokwai.fi\/taekwondo\/wp\/wp-content\/uploads\/2019\/06\/kerhon-vy\u00f6koe-2019-800x600.jpg\" alt=\"\" class=\"wp-image-8275\" width=\"375\" height=\"281\" srcset=\"https:\/\/www.budokwai.fi\/taekwondo\/wp-content\/uploads\/2019\/06\/kerhon-vy\u00f6koe-2019-800x600.jpg 800w, https:\/\/www.budokwai.fi\/taekwondo\/wp-content\/uploads\/2019\/06\/kerhon-vy\u00f6koe-2019-400x300.jpg 400w, https:\/\/www.budokwai.fi\/taekwondo\/wp-content\/uploads\/2019\/06\/kerhon-vy\u00f6koe-2019-768x576.jpg 768w, https:\/\/www.budokwai.fi\/taekwondo\/wp-content\/uploads\/2019\/06\/kerhon-vy\u00f6koe-2019.jpg 1296w\" sizes=\"auto, (max-width: 375px) 100vw, 375px\" \/><\/figure><\/div>\n\n\n\n<p>Alex Piispanen<br>Minea Kumlander<br>Jonatan M\u00e4kinen<br>Josia Ringvall<br>Aava Poikonen<br>Madeleine Hagelstam<br>Vilho Ahonen<br>Max Nguyen<br>Ramin Farkhani<br>Oliver Nurmi<br>Heini Kodisoja<br>Julia T\u00f6r\u00f6k<br>Mikael Lindstr\u00f6m<br>Oiva Kumpulainen<br>Niklas Kuikka<br>Venla Blomqvist<\/p>\n\n\n\n<h3 class=\"wp-block-heading\">9. kup<\/h3>\n\n\n\n<p>Lenni Orre<br>Jasper M\u00f6ldre<br>Linnea Laitala<br>W\u00e4in\u00f6 Laitala<br>Jade Jokela<br>Hugo Rantala<br>Sobhan Yousefi<\/p>\n","protected":false},"excerpt":{"rendered":"<p>Maanantaina 27.5.2019 vy\u00f6kokeessa olivat pienet kerhoik\u00e4iset ja seuraavana p\u00e4iv\u00e4n\u00e4 tiistaina v\u00e4h\u00e4n vanhemmat lapset sek\u00e4 aikuiset. Kaikki olivat harjoitelleet kovasti ja se n\u00e4kyi tuloksissa. Paljon onnea kaikille!! 3. kup Jenna Yl\u00f6nenNea-Anna Kurkela 4. kup Alaa FatamMikko HeimoAnu MattssonAura L\u00e4nsisalmiEimi TurtaPaula H\u00e4lforsSara Siika-Aho 6. kup Eero LaineTuomas Gr\u00f6nlundNea TolvanenMatias Etel\u00e4m\u00e4kiJonatan RingvallAino AhtiainenAake NoroJoel Hakkila 7. kup Eevi [&hellip;]<\/p>\n","protected":false},"author":8,"featured_media":8274,"comment_status":"closed","ping_status":"open","sticky":false,"template":"","format":"standard","meta":{"_gspb_post_css":"","_jetpack_memberships_contains_paid_content":false,"footnotes":"","jetpack_publicize_message":"","jetpack_publicize_feature_enabled":true,"jetpack_social_post_already_shared":true,"jetpack_social_options":{"image_generator_settings":{"template":"highway","default_image_id":0,"font":"","enabled":false},"version":2}},"categories":[1,48],"tags":[],"class_list":["post-8272","post","type-post","status-publish","format-standard","has-post-thumbnail","hentry","category-uutiset","category-vyokokeet"],"blocksy_meta":[],"jetpack_publicize_connections":[],"jetpack_featured_media_url":"https:\/\/www.budokwai.fi\/taekwondo\/wp-content\/uploads\/2019\/06\/pienten-vy\u00f6koe.jpg","jetpack_shortlink":"https:\/\/wp.me\/p2Mq3v-29q","jetpack_sharing_enabled":true,"_links":{"self":[{"href":"https:\/\/www.budokwai.fi\/taekwondo\/wp-json\/wp\/v2\/posts\/8272","targetHints":{"allow":["GET"]}}],"collection":[{"href":"https:\/\/www.budokwai.fi\/taekwondo\/wp-json\/wp\/v2\/posts"}],"about":[{"href":"https:\/\/www.budokwai.fi\/taekwondo\/wp-json\/wp\/v2\/types\/post"}],"author":[{"embeddable":true,"href":"https:\/\/www.budokwai.fi\/taekwondo\/wp-json\/wp\/v2\/users\/8"}],"replies":[{"embeddable":true,"href":"https:\/\/www.budokwai.fi\/taekwondo\/wp-json\/wp\/v2\/comments?post=8272"}],"version-history":[{"count":2,"href":"https:\/\/www.budokwai.fi\/taekwondo\/wp-json\/wp\/v2\/posts\/8272\/revisions"}],"predecessor-version":[{"id":8277,"href":"https:\/\/www.budokwai.fi\/taekwondo\/wp-json\/wp\/v2\/posts\/8272\/revisions\/8277"}],"wp:featuredmedia":[{"embeddable":true,"href":"https:\/\/www.budokwai.fi\/taekwondo\/wp-json\/wp\/v2\/media\/8274"}],"wp:attachment":[{"href":"https:\/\/www.budokwai.fi\/taekwondo\/wp-json\/wp\/v2\/media?parent=8272"}],"wp:term":[{"taxonomy":"category","embeddable":true,"href":"https:\/\/www.budokwai.fi\/taekwondo\/wp-json\/wp\/v2\/categories?post=8272"},{"taxonomy":"post_tag","embeddable":true,"href":"https:\/\/www.budokwai.fi\/taekwondo\/wp-json\/wp\/v2\/tags?post=8272"}],"curies":[{"name":"wp","href":"https:\/\/api.w.org\/{rel}","templated":true}]}}