{"id":4266,"date":"2022-01-31T13:19:06","date_gmt":"2022-01-31T11:19:06","guid":{"rendered":"http:\/\/www.budokwai.fi\/karate\/?p=4266"},"modified":"2022-01-31T13:19:08","modified_gmt":"2022-01-31T11:19:08","slug":"aikuisten-harjoitukset-jatkuvat","status":"publish","type":"post","link":"https:\/\/www.budokwai.fi\/karate\/2022\/01\/31\/aikuisten-harjoitukset-jatkuvat\/","title":{"rendered":"Aikuisten harjoitukset jatkuvat"},"content":{"rendered":"\n<p>AVI:n ja Turun kaupungin uusien ohjeiden mukaan voimme aloittaa nyt my\u00f6s aikuisten karateharjoitukset.<br \/><br \/>T\u00e4rke\u00e4\u00e4 on yll\u00e4pit\u00e4\u00e4 koronaturvallisuutta mm. seuraavin ohjein:<br \/>Pidet\u00e4\u00e4n maski p\u00e4\u00e4ss\u00e4 kaikkialla sis\u00e4tiloissa alkukumarruksen ja loppukumarruksen v\u00e4list\u00e4 harjoitteluaikaa lukuunottamatta.<br \/><br \/>Harjoituksissa v\u00e4ltet\u00e4\u00e4n kontaktia ja keskityt\u00e4\u00e4n yksil\u00f6tekniikoihin ja kataan. Desinfioidaan k\u00e4det tullessa ja menness\u00e4. Ei k\u00e4ytet\u00e4 pukuhuoneita.<br \/>Ei tulla harjoituksiin sairaana eik\u00e4 my\u00f6sk\u00e4\u00e4n silloin, jos tied\u00e4t kodin tai ty\u00f6n\/opiskelun l\u00e4hipiirin kautta altistuneesi.<\/p>\n<p>Ma 31.1.2022 alkaen aikuisten treenit siis normaaleissa ajankohdissaan:<br \/>maanantaisin 19.00-20.30 \/ Erkki<br \/>keskiviikkoisin 18.30-20.00 \/ Anssi<br \/><br \/>Aikuisten peruskurssi alkaa ma 7.2.2022.<br \/><br \/><\/p>\n","protected":false},"excerpt":{"rendered":"<p>AVI:n ja Turun kaupungin uusien ohjeiden mukaan voimme aloittaa nyt my\u00f6s aikuisten karateharjoitukset. T\u00e4rke\u00e4\u00e4 on yll\u00e4pit\u00e4\u00e4 koronaturvallisuutta mm. seuraavin ohjein:Pidet\u00e4\u00e4n maski p\u00e4\u00e4ss\u00e4 kaikkialla sis\u00e4tiloissa alkukumarruksen ja loppukumarruksen v\u00e4list\u00e4 harjoitteluaikaa lukuunottamatta. Harjoituksissa v\u00e4ltet\u00e4\u00e4n kontaktia ja keskityt\u00e4\u00e4n yksil\u00f6tekniikoihin ja kataan. Desinfioidaan k\u00e4det tullessa ja menness\u00e4. Ei k\u00e4ytet\u00e4 pukuhuoneita.Ei tulla harjoituksiin sairaana eik\u00e4 my\u00f6sk\u00e4\u00e4n silloin, jos tied\u00e4t kodin&#8230;  <a class=\"excerpt-read-more\" href=\"https:\/\/www.budokwai.fi\/karate\/2022\/01\/31\/aikuisten-harjoitukset-jatkuvat\/\" title=\"Aikuisten harjoitukset jatkuvat\">Lue lis\u00e4\u00e4 &raquo;<\/a><\/p>\n","protected":false},"author":3,"featured_media":3370,"comment_status":"closed","ping_status":"open","sticky":false,"template":"","format":"standard","meta":{"_acf_changed":false,"_monsterinsights_skip_tracking":false,"_monsterinsights_sitenote_active":false,"_monsterinsights_sitenote_note":"","_monsterinsights_sitenote_category":0,"footnotes":""},"categories":[1],"tags":[],"class_list":["post-4266","post","type-post","status-publish","format-standard","has-post-thumbnail","hentry","category-yleinen"],"acf":[],"yoast_head":"<!-- This site is optimized with the Yoast SEO plugin v27.5 - https:\/\/yoast.com\/product\/yoast-seo-wordpress\/ -->\n<title>Aikuisten harjoitukset jatkuvat - Budokwai Karate<\/title>\n<meta name=\"robots\" content=\"index, follow, max-snippet:-1, max-image-preview:large, max-video-preview:-1\" \/>\n<link rel=\"canonical\" href=\"https:\/\/www.budokwai.fi\/karate\/2022\/01\/31\/aikuisten-harjoitukset-jatkuvat\/\" \/>\n<meta property=\"og:locale\" content=\"fi_FI\" \/>\n<meta property=\"og:type\" content=\"article\" \/>\n<meta property=\"og:title\" content=\"Aikuisten harjoitukset jatkuvat - Budokwai Karate\" \/>\n<meta property=\"og:description\" content=\"AVI:n ja Turun kaupungin uusien ohjeiden mukaan voimme aloittaa nyt my\u00f6s aikuisten karateharjoitukset. T\u00e4rke\u00e4\u00e4 on yll\u00e4pit\u00e4\u00e4 koronaturvallisuutta mm. seuraavin ohjein:Pidet\u00e4\u00e4n maski p\u00e4\u00e4ss\u00e4 kaikkialla sis\u00e4tiloissa alkukumarruksen ja loppukumarruksen v\u00e4list\u00e4 harjoitteluaikaa lukuunottamatta. Harjoituksissa v\u00e4ltet\u00e4\u00e4n kontaktia ja keskityt\u00e4\u00e4n yksil\u00f6tekniikoihin ja kataan. Desinfioidaan k\u00e4det tullessa ja menness\u00e4. Ei k\u00e4ytet\u00e4 pukuhuoneita.Ei tulla harjoituksiin sairaana eik\u00e4 my\u00f6sk\u00e4\u00e4n silloin, jos tied\u00e4t kodin... Lue lis\u00e4\u00e4 &raquo;\" \/>\n<meta property=\"og:url\" content=\"https:\/\/www.budokwai.fi\/karate\/2022\/01\/31\/aikuisten-harjoitukset-jatkuvat\/\" \/>\n<meta property=\"og:site_name\" content=\"Budokwai Karate\" \/>\n<meta property=\"article:publisher\" content=\"https:\/\/www.facebook.com\/budokwaikarateturku\/\" \/>\n<meta property=\"article:published_time\" content=\"2022-01-31T11:19:06+00:00\" \/>\n<meta property=\"article:modified_time\" content=\"2022-01-31T11:19:08+00:00\" \/>\n<meta property=\"og:image\" content=\"https:\/\/www.budokwai.fi\/karate\/wp\/wp-content\/uploads\/2018\/01\/KarateKick01.jpg\" \/>\n\t<meta property=\"og:image:width\" content=\"594\" \/>\n\t<meta property=\"og:image:height\" content=\"621\" \/>\n\t<meta property=\"og:image:type\" content=\"image\/jpeg\" \/>\n<meta name=\"author\" content=\"MikaR\" \/>\n<meta name=\"twitter:card\" content=\"summary_large_image\" \/>\n<meta name=\"twitter:label1\" content=\"Written by\" \/>\n\t<meta name=\"twitter:data1\" content=\"MikaR\" \/>\n<script type=\"application\/ld+json\" class=\"yoast-schema-graph\">{\"@context\":\"https:\\\/\\\/schema.org\",\"@graph\":[{\"@type\":\"Article\",\"@id\":\"https:\\\/\\\/www.budokwai.fi\\\/karate\\\/2022\\\/01\\\/31\\\/aikuisten-harjoitukset-jatkuvat\\\/#article\",\"isPartOf\":{\"@id\":\"https:\\\/\\\/www.budokwai.fi\\\/karate\\\/2022\\\/01\\\/31\\\/aikuisten-harjoitukset-jatkuvat\\\/\"},\"author\":{\"name\":\"MikaR\",\"@id\":\"https:\\\/\\\/www.budokwai.fi\\\/karate\\\/#\\\/schema\\\/person\\\/9cbc3b1c5800699bd040a7976fb54edb\"},\"headline\":\"Aikuisten harjoitukset jatkuvat\",\"datePublished\":\"2022-01-31T11:19:06+00:00\",\"dateModified\":\"2022-01-31T11:19:08+00:00\",\"mainEntityOfPage\":{\"@id\":\"https:\\\/\\\/www.budokwai.fi\\\/karate\\\/2022\\\/01\\\/31\\\/aikuisten-harjoitukset-jatkuvat\\\/\"},\"wordCount\":101,\"image\":{\"@id\":\"https:\\\/\\\/www.budokwai.fi\\\/karate\\\/2022\\\/01\\\/31\\\/aikuisten-harjoitukset-jatkuvat\\\/#primaryimage\"},\"thumbnailUrl\":\"https:\\\/\\\/www.budokwai.fi\\\/karate\\\/wp\\\/wp-content\\\/uploads\\\/2018\\\/01\\\/KarateKick01.jpg\",\"articleSection\":[\"Yleinen\"],\"inLanguage\":\"en-US\"},{\"@type\":\"WebPage\",\"@id\":\"https:\\\/\\\/www.budokwai.fi\\\/karate\\\/2022\\\/01\\\/31\\\/aikuisten-harjoitukset-jatkuvat\\\/\",\"url\":\"https:\\\/\\\/www.budokwai.fi\\\/karate\\\/2022\\\/01\\\/31\\\/aikuisten-harjoitukset-jatkuvat\\\/\",\"name\":\"Aikuisten harjoitukset jatkuvat - Budokwai Karate\",\"isPartOf\":{\"@id\":\"https:\\\/\\\/www.budokwai.fi\\\/karate\\\/#website\"},\"primaryImageOfPage\":{\"@id\":\"https:\\\/\\\/www.budokwai.fi\\\/karate\\\/2022\\\/01\\\/31\\\/aikuisten-harjoitukset-jatkuvat\\\/#primaryimage\"},\"image\":{\"@id\":\"https:\\\/\\\/www.budokwai.fi\\\/karate\\\/2022\\\/01\\\/31\\\/aikuisten-harjoitukset-jatkuvat\\\/#primaryimage\"},\"thumbnailUrl\":\"https:\\\/\\\/www.budokwai.fi\\\/karate\\\/wp\\\/wp-content\\\/uploads\\\/2018\\\/01\\\/KarateKick01.jpg\",\"datePublished\":\"2022-01-31T11:19:06+00:00\",\"dateModified\":\"2022-01-31T11:19:08+00:00\",\"author\":{\"@id\":\"https:\\\/\\\/www.budokwai.fi\\\/karate\\\/#\\\/schema\\\/person\\\/9cbc3b1c5800699bd040a7976fb54edb\"},\"breadcrumb\":{\"@id\":\"https:\\\/\\\/www.budokwai.fi\\\/karate\\\/2022\\\/01\\\/31\\\/aikuisten-harjoitukset-jatkuvat\\\/#breadcrumb\"},\"inLanguage\":\"en-US\",\"potentialAction\":[{\"@type\":\"ReadAction\",\"target\":[\"https:\\\/\\\/www.budokwai.fi\\\/karate\\\/2022\\\/01\\\/31\\\/aikuisten-harjoitukset-jatkuvat\\\/\"]}]},{\"@type\":\"ImageObject\",\"inLanguage\":\"en-US\",\"@id\":\"https:\\\/\\\/www.budokwai.fi\\\/karate\\\/2022\\\/01\\\/31\\\/aikuisten-harjoitukset-jatkuvat\\\/#primaryimage\",\"url\":\"https:\\\/\\\/www.budokwai.fi\\\/karate\\\/wp\\\/wp-content\\\/uploads\\\/2018\\\/01\\\/KarateKick01.jpg\",\"contentUrl\":\"https:\\\/\\\/www.budokwai.fi\\\/karate\\\/wp\\\/wp-content\\\/uploads\\\/2018\\\/01\\\/KarateKick01.jpg\",\"width\":594,\"height\":621},{\"@type\":\"BreadcrumbList\",\"@id\":\"https:\\\/\\\/www.budokwai.fi\\\/karate\\\/2022\\\/01\\\/31\\\/aikuisten-harjoitukset-jatkuvat\\\/#breadcrumb\",\"itemListElement\":[{\"@type\":\"ListItem\",\"position\":1,\"name\":\"Home\",\"item\":\"https:\\\/\\\/www.budokwai.fi\\\/karate\\\/\"},{\"@type\":\"ListItem\",\"position\":2,\"name\":\"Aikuisten harjoitukset jatkuvat\"}]},{\"@type\":\"WebSite\",\"@id\":\"https:\\\/\\\/www.budokwai.fi\\\/karate\\\/#website\",\"url\":\"https:\\\/\\\/www.budokwai.fi\\\/karate\\\/\",\"name\":\"Budokwai Karate\",\"description\":\"Budokwai karate\",\"potentialAction\":[{\"@type\":\"SearchAction\",\"target\":{\"@type\":\"EntryPoint\",\"urlTemplate\":\"https:\\\/\\\/www.budokwai.fi\\\/karate\\\/?s={search_term_string}\"},\"query-input\":{\"@type\":\"PropertyValueSpecification\",\"valueRequired\":true,\"valueName\":\"search_term_string\"}}],\"inLanguage\":\"en-US\"},{\"@type\":\"Person\",\"@id\":\"https:\\\/\\\/www.budokwai.fi\\\/karate\\\/#\\\/schema\\\/person\\\/9cbc3b1c5800699bd040a7976fb54edb\",\"name\":\"MikaR\",\"image\":{\"@type\":\"ImageObject\",\"inLanguage\":\"en-US\",\"@id\":\"https:\\\/\\\/secure.gravatar.com\\\/avatar\\\/dac280e88f7e589889abeb9be1edff3d7562003cc069aca97f218ca2305055f9?s=96&d=mm&r=g\",\"url\":\"https:\\\/\\\/secure.gravatar.com\\\/avatar\\\/dac280e88f7e589889abeb9be1edff3d7562003cc069aca97f218ca2305055f9?s=96&d=mm&r=g\",\"contentUrl\":\"https:\\\/\\\/secure.gravatar.com\\\/avatar\\\/dac280e88f7e589889abeb9be1edff3d7562003cc069aca97f218ca2305055f9?s=96&d=mm&r=g\",\"caption\":\"MikaR\"},\"url\":\"https:\\\/\\\/www.budokwai.fi\\\/karate\\\/author\\\/mikar\\\/\"}]}<\/script>\n<!-- \/ Yoast SEO plugin. -->","yoast_head_json":{"title":"Aikuisten harjoitukset jatkuvat - Budokwai Karate","robots":{"index":"index","follow":"follow","max-snippet":"max-snippet:-1","max-image-preview":"max-image-preview:large","max-video-preview":"max-video-preview:-1"},"canonical":"https:\/\/www.budokwai.fi\/karate\/2022\/01\/31\/aikuisten-harjoitukset-jatkuvat\/","og_locale":"fi_FI","og_type":"article","og_title":"Aikuisten harjoitukset jatkuvat - Budokwai Karate","og_description":"AVI:n ja Turun kaupungin uusien ohjeiden mukaan voimme aloittaa nyt my\u00f6s aikuisten karateharjoitukset. T\u00e4rke\u00e4\u00e4 on yll\u00e4pit\u00e4\u00e4 koronaturvallisuutta mm. seuraavin ohjein:Pidet\u00e4\u00e4n maski p\u00e4\u00e4ss\u00e4 kaikkialla sis\u00e4tiloissa alkukumarruksen ja loppukumarruksen v\u00e4list\u00e4 harjoitteluaikaa lukuunottamatta. Harjoituksissa v\u00e4ltet\u00e4\u00e4n kontaktia ja keskityt\u00e4\u00e4n yksil\u00f6tekniikoihin ja kataan. Desinfioidaan k\u00e4det tullessa ja menness\u00e4. Ei k\u00e4ytet\u00e4 pukuhuoneita.Ei tulla harjoituksiin sairaana eik\u00e4 my\u00f6sk\u00e4\u00e4n silloin, jos tied\u00e4t kodin... Lue lis\u00e4\u00e4 &raquo;","og_url":"https:\/\/www.budokwai.fi\/karate\/2022\/01\/31\/aikuisten-harjoitukset-jatkuvat\/","og_site_name":"Budokwai Karate","article_publisher":"https:\/\/www.facebook.com\/budokwaikarateturku\/","article_published_time":"2022-01-31T11:19:06+00:00","article_modified_time":"2022-01-31T11:19:08+00:00","og_image":[{"width":594,"height":621,"url":"https:\/\/www.budokwai.fi\/karate\/wp\/wp-content\/uploads\/2018\/01\/KarateKick01.jpg","type":"image\/jpeg"}],"author":"MikaR","twitter_card":"summary_large_image","twitter_misc":{"Written by":"MikaR"},"schema":{"@context":"https:\/\/schema.org","@graph":[{"@type":"Article","@id":"https:\/\/www.budokwai.fi\/karate\/2022\/01\/31\/aikuisten-harjoitukset-jatkuvat\/#article","isPartOf":{"@id":"https:\/\/www.budokwai.fi\/karate\/2022\/01\/31\/aikuisten-harjoitukset-jatkuvat\/"},"author":{"name":"MikaR","@id":"https:\/\/www.budokwai.fi\/karate\/#\/schema\/person\/9cbc3b1c5800699bd040a7976fb54edb"},"headline":"Aikuisten harjoitukset jatkuvat","datePublished":"2022-01-31T11:19:06+00:00","dateModified":"2022-01-31T11:19:08+00:00","mainEntityOfPage":{"@id":"https:\/\/www.budokwai.fi\/karate\/2022\/01\/31\/aikuisten-harjoitukset-jatkuvat\/"},"wordCount":101,"image":{"@id":"https:\/\/www.budokwai.fi\/karate\/2022\/01\/31\/aikuisten-harjoitukset-jatkuvat\/#primaryimage"},"thumbnailUrl":"https:\/\/www.budokwai.fi\/karate\/wp\/wp-content\/uploads\/2018\/01\/KarateKick01.jpg","articleSection":["Yleinen"],"inLanguage":"en-US"},{"@type":"WebPage","@id":"https:\/\/www.budokwai.fi\/karate\/2022\/01\/31\/aikuisten-harjoitukset-jatkuvat\/","url":"https:\/\/www.budokwai.fi\/karate\/2022\/01\/31\/aikuisten-harjoitukset-jatkuvat\/","name":"Aikuisten harjoitukset jatkuvat - Budokwai Karate","isPartOf":{"@id":"https:\/\/www.budokwai.fi\/karate\/#website"},"primaryImageOfPage":{"@id":"https:\/\/www.budokwai.fi\/karate\/2022\/01\/31\/aikuisten-harjoitukset-jatkuvat\/#primaryimage"},"image":{"@id":"https:\/\/www.budokwai.fi\/karate\/2022\/01\/31\/aikuisten-harjoitukset-jatkuvat\/#primaryimage"},"thumbnailUrl":"https:\/\/www.budokwai.fi\/karate\/wp\/wp-content\/uploads\/2018\/01\/KarateKick01.jpg","datePublished":"2022-01-31T11:19:06+00:00","dateModified":"2022-01-31T11:19:08+00:00","author":{"@id":"https:\/\/www.budokwai.fi\/karate\/#\/schema\/person\/9cbc3b1c5800699bd040a7976fb54edb"},"breadcrumb":{"@id":"https:\/\/www.budokwai.fi\/karate\/2022\/01\/31\/aikuisten-harjoitukset-jatkuvat\/#breadcrumb"},"inLanguage":"en-US","potentialAction":[{"@type":"ReadAction","target":["https:\/\/www.budokwai.fi\/karate\/2022\/01\/31\/aikuisten-harjoitukset-jatkuvat\/"]}]},{"@type":"ImageObject","inLanguage":"en-US","@id":"https:\/\/www.budokwai.fi\/karate\/2022\/01\/31\/aikuisten-harjoitukset-jatkuvat\/#primaryimage","url":"https:\/\/www.budokwai.fi\/karate\/wp\/wp-content\/uploads\/2018\/01\/KarateKick01.jpg","contentUrl":"https:\/\/www.budokwai.fi\/karate\/wp\/wp-content\/uploads\/2018\/01\/KarateKick01.jpg","width":594,"height":621},{"@type":"BreadcrumbList","@id":"https:\/\/www.budokwai.fi\/karate\/2022\/01\/31\/aikuisten-harjoitukset-jatkuvat\/#breadcrumb","itemListElement":[{"@type":"ListItem","position":1,"name":"Home","item":"https:\/\/www.budokwai.fi\/karate\/"},{"@type":"ListItem","position":2,"name":"Aikuisten harjoitukset jatkuvat"}]},{"@type":"WebSite","@id":"https:\/\/www.budokwai.fi\/karate\/#website","url":"https:\/\/www.budokwai.fi\/karate\/","name":"Budokwai Karate","description":"Budokwai karate","potentialAction":[{"@type":"SearchAction","target":{"@type":"EntryPoint","urlTemplate":"https:\/\/www.budokwai.fi\/karate\/?s={search_term_string}"},"query-input":{"@type":"PropertyValueSpecification","valueRequired":true,"valueName":"search_term_string"}}],"inLanguage":"en-US"},{"@type":"Person","@id":"https:\/\/www.budokwai.fi\/karate\/#\/schema\/person\/9cbc3b1c5800699bd040a7976fb54edb","name":"MikaR","image":{"@type":"ImageObject","inLanguage":"en-US","@id":"https:\/\/secure.gravatar.com\/avatar\/dac280e88f7e589889abeb9be1edff3d7562003cc069aca97f218ca2305055f9?s=96&d=mm&r=g","url":"https:\/\/secure.gravatar.com\/avatar\/dac280e88f7e589889abeb9be1edff3d7562003cc069aca97f218ca2305055f9?s=96&d=mm&r=g","contentUrl":"https:\/\/secure.gravatar.com\/avatar\/dac280e88f7e589889abeb9be1edff3d7562003cc069aca97f218ca2305055f9?s=96&d=mm&r=g","caption":"MikaR"},"url":"https:\/\/www.budokwai.fi\/karate\/author\/mikar\/"}]}},"_links":{"self":[{"href":"https:\/\/www.budokwai.fi\/karate\/wp-json\/wp\/v2\/posts\/4266","targetHints":{"allow":["GET"]}}],"collection":[{"href":"https:\/\/www.budokwai.fi\/karate\/wp-json\/wp\/v2\/posts"}],"about":[{"href":"https:\/\/www.budokwai.fi\/karate\/wp-json\/wp\/v2\/types\/post"}],"author":[{"embeddable":true,"href":"https:\/\/www.budokwai.fi\/karate\/wp-json\/wp\/v2\/users\/3"}],"replies":[{"embeddable":true,"href":"https:\/\/www.budokwai.fi\/karate\/wp-json\/wp\/v2\/comments?post=4266"}],"version-history":[{"count":1,"href":"https:\/\/www.budokwai.fi\/karate\/wp-json\/wp\/v2\/posts\/4266\/revisions"}],"predecessor-version":[{"id":4267,"href":"https:\/\/www.budokwai.fi\/karate\/wp-json\/wp\/v2\/posts\/4266\/revisions\/4267"}],"wp:featuredmedia":[{"embeddable":true,"href":"https:\/\/www.budokwai.fi\/karate\/wp-json\/wp\/v2\/media\/3370"}],"wp:attachment":[{"href":"https:\/\/www.budokwai.fi\/karate\/wp-json\/wp\/v2\/media?parent=4266"}],"wp:term":[{"taxonomy":"category","embeddable":true,"href":"https:\/\/www.budokwai.fi\/karate\/wp-json\/wp\/v2\/categories?post=4266"},{"taxonomy":"post_tag","embeddable":true,"href":"https:\/\/www.budokwai.fi\/karate\/wp-json\/wp\/v2\/tags?post=4266"}],"curies":[{"name":"wp","href":"https:\/\/api.w.org\/{rel}","templated":true}]}}