{"id":4250,"date":"2022-01-05T14:15:52","date_gmt":"2022-01-05T12:15:52","guid":{"rendered":"http:\/\/www.budokwai.fi\/karate\/?p=4250"},"modified":"2022-01-05T14:15:53","modified_gmt":"2022-01-05T12:15:53","slug":"harjoitusten-jatkuminen","status":"publish","type":"post","link":"https:\/\/www.budokwai.fi\/karate\/2022\/01\/05\/harjoitusten-jatkuminen\/","title":{"rendered":"Harjoitusten jatkuminen"},"content":{"rendered":"\n<p><strong><span style=\"text-decoration: underline;\">Lapset ja Nuoret,<\/span><\/strong><br \/>Lasten ja Nuorten harjoitukset jatkuvat joulutauon j\u00e4lkeen su 9.1.2022 alkaen.<br \/>Harjoitukset jatkuvat sunnuntaisin, tiistaisin ja torstaisin entiseen tapaan.<br \/>Vuoden 2022 alusta keskiviikon harjoitus ei ole en\u00e4\u00e4 avoin eri ryhmien harjoittelijoille vaan keskiviikon harjoitus on jatkossa Jatkoryhm\u00e4 1A oma harjoitus.<br \/>Syksyn peruskurssin (Kirsi) sek\u00e4 Jatkoryhm\u00e4 1:n (Ismo) harjoittelijoille on l\u00e4hetetty\u00a0 s\u00e4hk\u00f6postia siit\u00e4 mihin ryhm\u00e4\u00e4n kukin harjoittelija kuuluu.<br \/>Jatkoryhm\u00e4 2 (Mika) jatkaa entisell\u00e4\u00e4n.<\/p>\n<p>Lasten ja Nuorten uudet <a href=\"https:\/\/www.budokwai.fi\/karate\/peruskurssille_ilmoittautuminen\/\" target=\"_blank\" rel=\"noopener noreferrer\">peruskurssit alkavat pe 14.1.2022<\/a>. Mukaan voi viel\u00e4 ilmoittautua.<\/p>\n<p>Perhebudo jatkuu ti 18.1.2022 alkaen.<br \/><br \/><span style=\"text-decoration: underline;\"><strong>Aikuiset,<\/strong><\/span><br \/>Koronarajoituksista johtuen aikuisten salille palaaminen siirtyy. Tiedotamme tarkemmin kun selvi\u00e4\u00e4 ett\u00e4 voidaanko harjoitukset aloittaa ma 17.1. vai vasta my\u00f6hemmin.<br \/><br \/>Jos Aikuisten sis\u00e4liikuntatajoituksia jatketaan niin silloin my\u00f6s Aikuisten peruskurssin aloitus siirtyy. Lis\u00e4tietoa peruskurssin sivulle t\u00e4ydennett\u00e4\u00e4n kun uusista rajoituksista kerrotaan.<br \/><br \/><\/p>\n<p>\u00a0<\/p>\n","protected":false},"excerpt":{"rendered":"<p>Lapset ja Nuoret,Lasten ja Nuorten harjoitukset jatkuvat joulutauon j\u00e4lkeen su 9.1.2022 alkaen.Harjoitukset jatkuvat sunnuntaisin, tiistaisin ja torstaisin entiseen tapaan.Vuoden 2022 alusta keskiviikon harjoitus ei ole en\u00e4\u00e4 avoin eri ryhmien harjoittelijoille vaan keskiviikon harjoitus on jatkossa Jatkoryhm\u00e4 1A oma harjoitus.Syksyn peruskurssin (Kirsi) sek\u00e4 Jatkoryhm\u00e4 1:n (Ismo) harjoittelijoille on l\u00e4hetetty\u00a0 s\u00e4hk\u00f6postia siit\u00e4 mihin ryhm\u00e4\u00e4n kukin harjoittelija kuuluu.Jatkoryhm\u00e4&#8230;  <a class=\"excerpt-read-more\" href=\"https:\/\/www.budokwai.fi\/karate\/2022\/01\/05\/harjoitusten-jatkuminen\/\" title=\"Harjoitusten jatkuminen\">Lue lis\u00e4\u00e4 &raquo;<\/a><\/p>\n","protected":false},"author":3,"featured_media":3278,"comment_status":"closed","ping_status":"open","sticky":false,"template":"","format":"standard","meta":{"_acf_changed":false,"_monsterinsights_skip_tracking":false,"_monsterinsights_sitenote_active":false,"_monsterinsights_sitenote_note":"","_monsterinsights_sitenote_category":0,"footnotes":""},"categories":[1],"tags":[],"class_list":["post-4250","post","type-post","status-publish","format-standard","has-post-thumbnail","hentry","category-yleinen"],"acf":[],"yoast_head":"<!-- This site is optimized with the Yoast SEO plugin v27.5 - https:\/\/yoast.com\/product\/yoast-seo-wordpress\/ -->\n<title>Harjoitusten jatkuminen - Budokwai Karate<\/title>\n<meta name=\"robots\" content=\"index, follow, max-snippet:-1, max-image-preview:large, max-video-preview:-1\" \/>\n<link rel=\"canonical\" href=\"https:\/\/www.budokwai.fi\/karate\/2022\/01\/05\/harjoitusten-jatkuminen\/\" \/>\n<meta property=\"og:locale\" content=\"fi_FI\" \/>\n<meta property=\"og:type\" content=\"article\" \/>\n<meta property=\"og:title\" content=\"Harjoitusten jatkuminen - Budokwai Karate\" \/>\n<meta property=\"og:description\" content=\"Lapset ja Nuoret,Lasten ja Nuorten harjoitukset jatkuvat joulutauon j\u00e4lkeen su 9.1.2022 alkaen.Harjoitukset jatkuvat sunnuntaisin, tiistaisin ja torstaisin entiseen tapaan.Vuoden 2022 alusta keskiviikon harjoitus ei ole en\u00e4\u00e4 avoin eri ryhmien harjoittelijoille vaan keskiviikon harjoitus on jatkossa Jatkoryhm\u00e4 1A oma harjoitus.Syksyn peruskurssin (Kirsi) sek\u00e4 Jatkoryhm\u00e4 1:n (Ismo) harjoittelijoille on l\u00e4hetetty\u00a0 s\u00e4hk\u00f6postia siit\u00e4 mihin ryhm\u00e4\u00e4n kukin harjoittelija kuuluu.Jatkoryhm\u00e4... Lue lis\u00e4\u00e4 &raquo;\" \/>\n<meta property=\"og:url\" content=\"https:\/\/www.budokwai.fi\/karate\/2022\/01\/05\/harjoitusten-jatkuminen\/\" \/>\n<meta property=\"og:site_name\" content=\"Budokwai Karate\" \/>\n<meta property=\"article:publisher\" content=\"https:\/\/www.facebook.com\/budokwaikarateturku\/\" \/>\n<meta property=\"article:published_time\" content=\"2022-01-05T12:15:52+00:00\" \/>\n<meta property=\"article:modified_time\" content=\"2022-01-05T12:15:53+00:00\" \/>\n<meta property=\"og:image\" content=\"https:\/\/www.budokwai.fi\/karate\/wp\/wp-content\/uploads\/2017\/12\/karate_02.png\" \/>\n\t<meta property=\"og:image:width\" content=\"213\" \/>\n\t<meta property=\"og:image:height\" content=\"189\" \/>\n\t<meta property=\"og:image:type\" content=\"image\/png\" \/>\n<meta name=\"author\" content=\"MikaR\" \/>\n<meta name=\"twitter:card\" content=\"summary_large_image\" \/>\n<meta name=\"twitter:label1\" content=\"Written by\" \/>\n\t<meta name=\"twitter:data1\" content=\"MikaR\" \/>\n\t<meta name=\"twitter:label2\" content=\"Est. reading time\" \/>\n\t<meta name=\"twitter:data2\" content=\"1 minute\" \/>\n<script type=\"application\/ld+json\" class=\"yoast-schema-graph\">{\"@context\":\"https:\\\/\\\/schema.org\",\"@graph\":[{\"@type\":\"Article\",\"@id\":\"https:\\\/\\\/www.budokwai.fi\\\/karate\\\/2022\\\/01\\\/05\\\/harjoitusten-jatkuminen\\\/#article\",\"isPartOf\":{\"@id\":\"https:\\\/\\\/www.budokwai.fi\\\/karate\\\/2022\\\/01\\\/05\\\/harjoitusten-jatkuminen\\\/\"},\"author\":{\"name\":\"MikaR\",\"@id\":\"https:\\\/\\\/www.budokwai.fi\\\/karate\\\/#\\\/schema\\\/person\\\/9cbc3b1c5800699bd040a7976fb54edb\"},\"headline\":\"Harjoitusten jatkuminen\",\"datePublished\":\"2022-01-05T12:15:52+00:00\",\"dateModified\":\"2022-01-05T12:15:53+00:00\",\"mainEntityOfPage\":{\"@id\":\"https:\\\/\\\/www.budokwai.fi\\\/karate\\\/2022\\\/01\\\/05\\\/harjoitusten-jatkuminen\\\/\"},\"wordCount\":128,\"image\":{\"@id\":\"https:\\\/\\\/www.budokwai.fi\\\/karate\\\/2022\\\/01\\\/05\\\/harjoitusten-jatkuminen\\\/#primaryimage\"},\"thumbnailUrl\":\"https:\\\/\\\/www.budokwai.fi\\\/karate\\\/wp\\\/wp-content\\\/uploads\\\/2017\\\/12\\\/karate_02.png\",\"articleSection\":[\"Yleinen\"],\"inLanguage\":\"en-US\"},{\"@type\":\"WebPage\",\"@id\":\"https:\\\/\\\/www.budokwai.fi\\\/karate\\\/2022\\\/01\\\/05\\\/harjoitusten-jatkuminen\\\/\",\"url\":\"https:\\\/\\\/www.budokwai.fi\\\/karate\\\/2022\\\/01\\\/05\\\/harjoitusten-jatkuminen\\\/\",\"name\":\"Harjoitusten jatkuminen - Budokwai Karate\",\"isPartOf\":{\"@id\":\"https:\\\/\\\/www.budokwai.fi\\\/karate\\\/#website\"},\"primaryImageOfPage\":{\"@id\":\"https:\\\/\\\/www.budokwai.fi\\\/karate\\\/2022\\\/01\\\/05\\\/harjoitusten-jatkuminen\\\/#primaryimage\"},\"image\":{\"@id\":\"https:\\\/\\\/www.budokwai.fi\\\/karate\\\/2022\\\/01\\\/05\\\/harjoitusten-jatkuminen\\\/#primaryimage\"},\"thumbnailUrl\":\"https:\\\/\\\/www.budokwai.fi\\\/karate\\\/wp\\\/wp-content\\\/uploads\\\/2017\\\/12\\\/karate_02.png\",\"datePublished\":\"2022-01-05T12:15:52+00:00\",\"dateModified\":\"2022-01-05T12:15:53+00:00\",\"author\":{\"@id\":\"https:\\\/\\\/www.budokwai.fi\\\/karate\\\/#\\\/schema\\\/person\\\/9cbc3b1c5800699bd040a7976fb54edb\"},\"breadcrumb\":{\"@id\":\"https:\\\/\\\/www.budokwai.fi\\\/karate\\\/2022\\\/01\\\/05\\\/harjoitusten-jatkuminen\\\/#breadcrumb\"},\"inLanguage\":\"en-US\",\"potentialAction\":[{\"@type\":\"ReadAction\",\"target\":[\"https:\\\/\\\/www.budokwai.fi\\\/karate\\\/2022\\\/01\\\/05\\\/harjoitusten-jatkuminen\\\/\"]}]},{\"@type\":\"ImageObject\",\"inLanguage\":\"en-US\",\"@id\":\"https:\\\/\\\/www.budokwai.fi\\\/karate\\\/2022\\\/01\\\/05\\\/harjoitusten-jatkuminen\\\/#primaryimage\",\"url\":\"https:\\\/\\\/www.budokwai.fi\\\/karate\\\/wp\\\/wp-content\\\/uploads\\\/2017\\\/12\\\/karate_02.png\",\"contentUrl\":\"https:\\\/\\\/www.budokwai.fi\\\/karate\\\/wp\\\/wp-content\\\/uploads\\\/2017\\\/12\\\/karate_02.png\",\"width\":213,\"height\":189},{\"@type\":\"BreadcrumbList\",\"@id\":\"https:\\\/\\\/www.budokwai.fi\\\/karate\\\/2022\\\/01\\\/05\\\/harjoitusten-jatkuminen\\\/#breadcrumb\",\"itemListElement\":[{\"@type\":\"ListItem\",\"position\":1,\"name\":\"Home\",\"item\":\"https:\\\/\\\/www.budokwai.fi\\\/karate\\\/\"},{\"@type\":\"ListItem\",\"position\":2,\"name\":\"Harjoitusten jatkuminen\"}]},{\"@type\":\"WebSite\",\"@id\":\"https:\\\/\\\/www.budokwai.fi\\\/karate\\\/#website\",\"url\":\"https:\\\/\\\/www.budokwai.fi\\\/karate\\\/\",\"name\":\"Budokwai Karate\",\"description\":\"Budokwai karate\",\"potentialAction\":[{\"@type\":\"SearchAction\",\"target\":{\"@type\":\"EntryPoint\",\"urlTemplate\":\"https:\\\/\\\/www.budokwai.fi\\\/karate\\\/?s={search_term_string}\"},\"query-input\":{\"@type\":\"PropertyValueSpecification\",\"valueRequired\":true,\"valueName\":\"search_term_string\"}}],\"inLanguage\":\"en-US\"},{\"@type\":\"Person\",\"@id\":\"https:\\\/\\\/www.budokwai.fi\\\/karate\\\/#\\\/schema\\\/person\\\/9cbc3b1c5800699bd040a7976fb54edb\",\"name\":\"MikaR\",\"image\":{\"@type\":\"ImageObject\",\"inLanguage\":\"en-US\",\"@id\":\"https:\\\/\\\/secure.gravatar.com\\\/avatar\\\/dac280e88f7e589889abeb9be1edff3d7562003cc069aca97f218ca2305055f9?s=96&d=mm&r=g\",\"url\":\"https:\\\/\\\/secure.gravatar.com\\\/avatar\\\/dac280e88f7e589889abeb9be1edff3d7562003cc069aca97f218ca2305055f9?s=96&d=mm&r=g\",\"contentUrl\":\"https:\\\/\\\/secure.gravatar.com\\\/avatar\\\/dac280e88f7e589889abeb9be1edff3d7562003cc069aca97f218ca2305055f9?s=96&d=mm&r=g\",\"caption\":\"MikaR\"},\"url\":\"https:\\\/\\\/www.budokwai.fi\\\/karate\\\/author\\\/mikar\\\/\"}]}<\/script>\n<!-- \/ Yoast SEO plugin. -->","yoast_head_json":{"title":"Harjoitusten jatkuminen - Budokwai Karate","robots":{"index":"index","follow":"follow","max-snippet":"max-snippet:-1","max-image-preview":"max-image-preview:large","max-video-preview":"max-video-preview:-1"},"canonical":"https:\/\/www.budokwai.fi\/karate\/2022\/01\/05\/harjoitusten-jatkuminen\/","og_locale":"fi_FI","og_type":"article","og_title":"Harjoitusten jatkuminen - Budokwai Karate","og_description":"Lapset ja Nuoret,Lasten ja Nuorten harjoitukset jatkuvat joulutauon j\u00e4lkeen su 9.1.2022 alkaen.Harjoitukset jatkuvat sunnuntaisin, tiistaisin ja torstaisin entiseen tapaan.Vuoden 2022 alusta keskiviikon harjoitus ei ole en\u00e4\u00e4 avoin eri ryhmien harjoittelijoille vaan keskiviikon harjoitus on jatkossa Jatkoryhm\u00e4 1A oma harjoitus.Syksyn peruskurssin (Kirsi) sek\u00e4 Jatkoryhm\u00e4 1:n (Ismo) harjoittelijoille on l\u00e4hetetty\u00a0 s\u00e4hk\u00f6postia siit\u00e4 mihin ryhm\u00e4\u00e4n kukin harjoittelija kuuluu.Jatkoryhm\u00e4... Lue lis\u00e4\u00e4 &raquo;","og_url":"https:\/\/www.budokwai.fi\/karate\/2022\/01\/05\/harjoitusten-jatkuminen\/","og_site_name":"Budokwai Karate","article_publisher":"https:\/\/www.facebook.com\/budokwaikarateturku\/","article_published_time":"2022-01-05T12:15:52+00:00","article_modified_time":"2022-01-05T12:15:53+00:00","og_image":[{"width":213,"height":189,"url":"https:\/\/www.budokwai.fi\/karate\/wp\/wp-content\/uploads\/2017\/12\/karate_02.png","type":"image\/png"}],"author":"MikaR","twitter_card":"summary_large_image","twitter_misc":{"Written by":"MikaR","Est. reading time":"1 minute"},"schema":{"@context":"https:\/\/schema.org","@graph":[{"@type":"Article","@id":"https:\/\/www.budokwai.fi\/karate\/2022\/01\/05\/harjoitusten-jatkuminen\/#article","isPartOf":{"@id":"https:\/\/www.budokwai.fi\/karate\/2022\/01\/05\/harjoitusten-jatkuminen\/"},"author":{"name":"MikaR","@id":"https:\/\/www.budokwai.fi\/karate\/#\/schema\/person\/9cbc3b1c5800699bd040a7976fb54edb"},"headline":"Harjoitusten jatkuminen","datePublished":"2022-01-05T12:15:52+00:00","dateModified":"2022-01-05T12:15:53+00:00","mainEntityOfPage":{"@id":"https:\/\/www.budokwai.fi\/karate\/2022\/01\/05\/harjoitusten-jatkuminen\/"},"wordCount":128,"image":{"@id":"https:\/\/www.budokwai.fi\/karate\/2022\/01\/05\/harjoitusten-jatkuminen\/#primaryimage"},"thumbnailUrl":"https:\/\/www.budokwai.fi\/karate\/wp\/wp-content\/uploads\/2017\/12\/karate_02.png","articleSection":["Yleinen"],"inLanguage":"en-US"},{"@type":"WebPage","@id":"https:\/\/www.budokwai.fi\/karate\/2022\/01\/05\/harjoitusten-jatkuminen\/","url":"https:\/\/www.budokwai.fi\/karate\/2022\/01\/05\/harjoitusten-jatkuminen\/","name":"Harjoitusten jatkuminen - Budokwai Karate","isPartOf":{"@id":"https:\/\/www.budokwai.fi\/karate\/#website"},"primaryImageOfPage":{"@id":"https:\/\/www.budokwai.fi\/karate\/2022\/01\/05\/harjoitusten-jatkuminen\/#primaryimage"},"image":{"@id":"https:\/\/www.budokwai.fi\/karate\/2022\/01\/05\/harjoitusten-jatkuminen\/#primaryimage"},"thumbnailUrl":"https:\/\/www.budokwai.fi\/karate\/wp\/wp-content\/uploads\/2017\/12\/karate_02.png","datePublished":"2022-01-05T12:15:52+00:00","dateModified":"2022-01-05T12:15:53+00:00","author":{"@id":"https:\/\/www.budokwai.fi\/karate\/#\/schema\/person\/9cbc3b1c5800699bd040a7976fb54edb"},"breadcrumb":{"@id":"https:\/\/www.budokwai.fi\/karate\/2022\/01\/05\/harjoitusten-jatkuminen\/#breadcrumb"},"inLanguage":"en-US","potentialAction":[{"@type":"ReadAction","target":["https:\/\/www.budokwai.fi\/karate\/2022\/01\/05\/harjoitusten-jatkuminen\/"]}]},{"@type":"ImageObject","inLanguage":"en-US","@id":"https:\/\/www.budokwai.fi\/karate\/2022\/01\/05\/harjoitusten-jatkuminen\/#primaryimage","url":"https:\/\/www.budokwai.fi\/karate\/wp\/wp-content\/uploads\/2017\/12\/karate_02.png","contentUrl":"https:\/\/www.budokwai.fi\/karate\/wp\/wp-content\/uploads\/2017\/12\/karate_02.png","width":213,"height":189},{"@type":"BreadcrumbList","@id":"https:\/\/www.budokwai.fi\/karate\/2022\/01\/05\/harjoitusten-jatkuminen\/#breadcrumb","itemListElement":[{"@type":"ListItem","position":1,"name":"Home","item":"https:\/\/www.budokwai.fi\/karate\/"},{"@type":"ListItem","position":2,"name":"Harjoitusten jatkuminen"}]},{"@type":"WebSite","@id":"https:\/\/www.budokwai.fi\/karate\/#website","url":"https:\/\/www.budokwai.fi\/karate\/","name":"Budokwai Karate","description":"Budokwai karate","potentialAction":[{"@type":"SearchAction","target":{"@type":"EntryPoint","urlTemplate":"https:\/\/www.budokwai.fi\/karate\/?s={search_term_string}"},"query-input":{"@type":"PropertyValueSpecification","valueRequired":true,"valueName":"search_term_string"}}],"inLanguage":"en-US"},{"@type":"Person","@id":"https:\/\/www.budokwai.fi\/karate\/#\/schema\/person\/9cbc3b1c5800699bd040a7976fb54edb","name":"MikaR","image":{"@type":"ImageObject","inLanguage":"en-US","@id":"https:\/\/secure.gravatar.com\/avatar\/dac280e88f7e589889abeb9be1edff3d7562003cc069aca97f218ca2305055f9?s=96&d=mm&r=g","url":"https:\/\/secure.gravatar.com\/avatar\/dac280e88f7e589889abeb9be1edff3d7562003cc069aca97f218ca2305055f9?s=96&d=mm&r=g","contentUrl":"https:\/\/secure.gravatar.com\/avatar\/dac280e88f7e589889abeb9be1edff3d7562003cc069aca97f218ca2305055f9?s=96&d=mm&r=g","caption":"MikaR"},"url":"https:\/\/www.budokwai.fi\/karate\/author\/mikar\/"}]}},"_links":{"self":[{"href":"https:\/\/www.budokwai.fi\/karate\/wp-json\/wp\/v2\/posts\/4250","targetHints":{"allow":["GET"]}}],"collection":[{"href":"https:\/\/www.budokwai.fi\/karate\/wp-json\/wp\/v2\/posts"}],"about":[{"href":"https:\/\/www.budokwai.fi\/karate\/wp-json\/wp\/v2\/types\/post"}],"author":[{"embeddable":true,"href":"https:\/\/www.budokwai.fi\/karate\/wp-json\/wp\/v2\/users\/3"}],"replies":[{"embeddable":true,"href":"https:\/\/www.budokwai.fi\/karate\/wp-json\/wp\/v2\/comments?post=4250"}],"version-history":[{"count":2,"href":"https:\/\/www.budokwai.fi\/karate\/wp-json\/wp\/v2\/posts\/4250\/revisions"}],"predecessor-version":[{"id":4252,"href":"https:\/\/www.budokwai.fi\/karate\/wp-json\/wp\/v2\/posts\/4250\/revisions\/4252"}],"wp:featuredmedia":[{"embeddable":true,"href":"https:\/\/www.budokwai.fi\/karate\/wp-json\/wp\/v2\/media\/3278"}],"wp:attachment":[{"href":"https:\/\/www.budokwai.fi\/karate\/wp-json\/wp\/v2\/media?parent=4250"}],"wp:term":[{"taxonomy":"category","embeddable":true,"href":"https:\/\/www.budokwai.fi\/karate\/wp-json\/wp\/v2\/categories?post=4250"},{"taxonomy":"post_tag","embeddable":true,"href":"https:\/\/www.budokwai.fi\/karate\/wp-json\/wp\/v2\/tags?post=4250"}],"curies":[{"name":"wp","href":"https:\/\/api.w.org\/{rel}","templated":true}]}}