{"id":4185,"date":"2021-03-02T21:49:24","date_gmt":"2021-03-02T19:49:24","guid":{"rendered":"http:\/\/www.budokwai.fi\/karate\/?p=4185"},"modified":"2021-03-02T21:49:26","modified_gmt":"2021-03-02T19:49:26","slug":"budokwai-karaten-harjoittelutauko-koronasulun-ajan-ma-8-3-alkaen","status":"publish","type":"post","link":"https:\/\/www.budokwai.fi\/karate\/2021\/03\/02\/budokwai-karaten-harjoittelutauko-koronasulun-ajan-ma-8-3-alkaen\/","title":{"rendered":"Budokwai Karaten harjoittelutauko koronasulun ajan ma 8.3. alkaen"},"content":{"rendered":"\n<p><strong>Viranomaisohjeiden mukainen harjoitustauko alkaa 8.3.<br \/><br \/><\/strong>Valtioneuvoston viimeviikkoisten ilmoitusten ja Varsinais-Suomen koronakoordionaatioryhm\u00e4n sek\u00e4 Turun kaupungin t\u00e4n\u00e4\u00e4n 1.3.2021 julkaiseman ohjeistuksen mukaisesti aloitamme kaikkien lasten ja nuorten ryhmien harjoittelutauon ensi maanantaista 8.3. alkaen.<\/p>\n<p>Viranomaisten lanseeraama koronasulku koskee l\u00e4ht\u00f6kohtaisesti 2007 ja sit\u00e4 ennen syntyneit\u00e4, mutta olemme p\u00e4\u00e4tt\u00e4neet saattaa sen kattamaan kaikki harjoitteluryhm\u00e4t i\u00e4st\u00e4 riippumatta lajin l\u00e4hikontakiluonteen vuoksi.<br \/><br \/>Aikuisten harjoitukset ovat olleet koronatauolla jo entuudestaan.<br \/>Ainoa poikkeus on maajoukkue- ja SM -tason harjoitusryhm\u00e4t (Mika), jotka viranomaisohjeen mukaan saavat jatkaa my\u00f6s sulun aikana max 6 hengen rajoitteella ja 2 m turvav\u00e4lein.<br \/><br \/><strong>Ennen sulkua pid\u00e4mme t\u00e4ll\u00e4 viikolla 2m turvav\u00e4lej\u00e4 noudattaen yksil\u00f6harjoitteina viel\u00e4 seuraavat junioriharjoitukset:<br \/><\/strong>2.3. tiistain otteluharjoitus (Anssi)<br \/>3.3. keskiviikon yhteisharjoitus (Marko ja Sami)<br \/>5.3. perjantain karatekids ja peruskurssi (Kirsi)<br \/>7.3. sunnuntain jatkoryhm\u00e4 1 (Ismo) ja jatkoryhm\u00e4 2 (Mika)<br \/><br \/>Torstaina 4.3. EI pidet\u00e4 Ismon YFC kamppailuharjoituksia.<\/p>\n<p><strong><em>*Harjoitustauon p\u00e4\u00e4ttyminen *<\/em><\/strong><br \/>Viranomaisten ohjeistama sulku p\u00e4\u00e4ttyy n\u00e4ill\u00e4 n\u00e4kymin 28.3., mutta p\u00e4\u00e4si\u00e4isen vuoksi aloitamme karateharjoituset ti 6.4. alkaen.<br \/>Toivottavasti voimme aloittaa tuolla viikolla (vko 14) kaikkien ryhmien treenit aikuiset mukaan lukien.<br \/><br \/>Tarkempi tiedottaminen aloittamisesta viikolla 13.<\/p>\n<p>\u00a0<\/p>\n<p>\u00a0<\/p>\n<p>\u00a0<\/p>\n","protected":false},"excerpt":{"rendered":"<p>Viranomaisohjeiden mukainen harjoitustauko alkaa 8.3. Valtioneuvoston viimeviikkoisten ilmoitusten ja Varsinais-Suomen koronakoordionaatioryhm\u00e4n sek\u00e4 Turun kaupungin t\u00e4n\u00e4\u00e4n 1.3.2021 julkaiseman ohjeistuksen mukaisesti aloitamme kaikkien lasten ja nuorten ryhmien harjoittelutauon ensi maanantaista 8.3. alkaen. Viranomaisten lanseeraama koronasulku koskee l\u00e4ht\u00f6kohtaisesti 2007 ja sit\u00e4 ennen syntyneit\u00e4, mutta olemme p\u00e4\u00e4tt\u00e4neet saattaa sen kattamaan kaikki harjoitteluryhm\u00e4t i\u00e4st\u00e4 riippumatta lajin l\u00e4hikontakiluonteen vuoksi. Aikuisten harjoitukset&#8230;  <a class=\"excerpt-read-more\" href=\"https:\/\/www.budokwai.fi\/karate\/2021\/03\/02\/budokwai-karaten-harjoittelutauko-koronasulun-ajan-ma-8-3-alkaen\/\" title=\"Budokwai Karaten harjoittelutauko koronasulun ajan ma 8.3. alkaen\">Lue lis\u00e4\u00e4 &raquo;<\/a><\/p>\n","protected":false},"author":3,"featured_media":4186,"comment_status":"closed","ping_status":"open","sticky":false,"template":"","format":"standard","meta":{"_acf_changed":false,"_monsterinsights_skip_tracking":false,"_monsterinsights_sitenote_active":false,"_monsterinsights_sitenote_note":"","_monsterinsights_sitenote_category":0,"footnotes":""},"categories":[1],"tags":[],"class_list":["post-4185","post","type-post","status-publish","format-standard","has-post-thumbnail","hentry","category-yleinen"],"acf":[],"yoast_head":"<!-- This site is optimized with the Yoast SEO plugin v27.5 - https:\/\/yoast.com\/product\/yoast-seo-wordpress\/ -->\n<title>Budokwai Karaten harjoittelutauko koronasulun ajan ma 8.3. alkaen - Budokwai Karate<\/title>\n<meta name=\"robots\" content=\"index, follow, max-snippet:-1, max-image-preview:large, max-video-preview:-1\" \/>\n<link rel=\"canonical\" href=\"https:\/\/www.budokwai.fi\/karate\/2021\/03\/02\/budokwai-karaten-harjoittelutauko-koronasulun-ajan-ma-8-3-alkaen\/\" \/>\n<meta property=\"og:locale\" content=\"fi_FI\" \/>\n<meta property=\"og:type\" content=\"article\" \/>\n<meta property=\"og:title\" content=\"Budokwai Karaten harjoittelutauko koronasulun ajan ma 8.3. alkaen - Budokwai Karate\" \/>\n<meta property=\"og:description\" content=\"Viranomaisohjeiden mukainen harjoitustauko alkaa 8.3. Valtioneuvoston viimeviikkoisten ilmoitusten ja Varsinais-Suomen koronakoordionaatioryhm\u00e4n sek\u00e4 Turun kaupungin t\u00e4n\u00e4\u00e4n 1.3.2021 julkaiseman ohjeistuksen mukaisesti aloitamme kaikkien lasten ja nuorten ryhmien harjoittelutauon ensi maanantaista 8.3. alkaen. Viranomaisten lanseeraama koronasulku koskee l\u00e4ht\u00f6kohtaisesti 2007 ja sit\u00e4 ennen syntyneit\u00e4, mutta olemme p\u00e4\u00e4tt\u00e4neet saattaa sen kattamaan kaikki harjoitteluryhm\u00e4t i\u00e4st\u00e4 riippumatta lajin l\u00e4hikontakiluonteen vuoksi. Aikuisten harjoitukset... Lue lis\u00e4\u00e4 &raquo;\" \/>\n<meta property=\"og:url\" content=\"https:\/\/www.budokwai.fi\/karate\/2021\/03\/02\/budokwai-karaten-harjoittelutauko-koronasulun-ajan-ma-8-3-alkaen\/\" \/>\n<meta property=\"og:site_name\" content=\"Budokwai Karate\" \/>\n<meta property=\"article:publisher\" content=\"https:\/\/www.facebook.com\/budokwaikarateturku\/\" \/>\n<meta property=\"article:published_time\" content=\"2021-03-02T19:49:24+00:00\" \/>\n<meta property=\"article:modified_time\" content=\"2021-03-02T19:49:26+00:00\" \/>\n<meta property=\"og:image\" content=\"https:\/\/www.budokwai.fi\/karate\/wp\/wp-content\/uploads\/2021\/03\/covid-19.jpg\" \/>\n\t<meta property=\"og:image:width\" content=\"860\" \/>\n\t<meta property=\"og:image:height\" content=\"560\" \/>\n\t<meta property=\"og:image:type\" content=\"image\/jpeg\" \/>\n<meta name=\"author\" content=\"MikaR\" \/>\n<meta name=\"twitter:card\" content=\"summary_large_image\" \/>\n<meta name=\"twitter:label1\" content=\"Written by\" \/>\n\t<meta name=\"twitter:data1\" content=\"MikaR\" \/>\n\t<meta name=\"twitter:label2\" content=\"Est. reading time\" \/>\n\t<meta name=\"twitter:data2\" content=\"1 minute\" \/>\n<script type=\"application\/ld+json\" class=\"yoast-schema-graph\">{\"@context\":\"https:\\\/\\\/schema.org\",\"@graph\":[{\"@type\":\"Article\",\"@id\":\"https:\\\/\\\/www.budokwai.fi\\\/karate\\\/2021\\\/03\\\/02\\\/budokwai-karaten-harjoittelutauko-koronasulun-ajan-ma-8-3-alkaen\\\/#article\",\"isPartOf\":{\"@id\":\"https:\\\/\\\/www.budokwai.fi\\\/karate\\\/2021\\\/03\\\/02\\\/budokwai-karaten-harjoittelutauko-koronasulun-ajan-ma-8-3-alkaen\\\/\"},\"author\":{\"name\":\"MikaR\",\"@id\":\"https:\\\/\\\/www.budokwai.fi\\\/karate\\\/#\\\/schema\\\/person\\\/9cbc3b1c5800699bd040a7976fb54edb\"},\"headline\":\"Budokwai Karaten harjoittelutauko koronasulun ajan ma 8.3. alkaen\",\"datePublished\":\"2021-03-02T19:49:24+00:00\",\"dateModified\":\"2021-03-02T19:49:26+00:00\",\"mainEntityOfPage\":{\"@id\":\"https:\\\/\\\/www.budokwai.fi\\\/karate\\\/2021\\\/03\\\/02\\\/budokwai-karaten-harjoittelutauko-koronasulun-ajan-ma-8-3-alkaen\\\/\"},\"wordCount\":177,\"image\":{\"@id\":\"https:\\\/\\\/www.budokwai.fi\\\/karate\\\/2021\\\/03\\\/02\\\/budokwai-karaten-harjoittelutauko-koronasulun-ajan-ma-8-3-alkaen\\\/#primaryimage\"},\"thumbnailUrl\":\"https:\\\/\\\/www.budokwai.fi\\\/karate\\\/wp\\\/wp-content\\\/uploads\\\/2021\\\/03\\\/covid-19.jpg\",\"articleSection\":[\"Yleinen\"],\"inLanguage\":\"en-US\"},{\"@type\":\"WebPage\",\"@id\":\"https:\\\/\\\/www.budokwai.fi\\\/karate\\\/2021\\\/03\\\/02\\\/budokwai-karaten-harjoittelutauko-koronasulun-ajan-ma-8-3-alkaen\\\/\",\"url\":\"https:\\\/\\\/www.budokwai.fi\\\/karate\\\/2021\\\/03\\\/02\\\/budokwai-karaten-harjoittelutauko-koronasulun-ajan-ma-8-3-alkaen\\\/\",\"name\":\"Budokwai Karaten harjoittelutauko koronasulun ajan ma 8.3. alkaen - Budokwai Karate\",\"isPartOf\":{\"@id\":\"https:\\\/\\\/www.budokwai.fi\\\/karate\\\/#website\"},\"primaryImageOfPage\":{\"@id\":\"https:\\\/\\\/www.budokwai.fi\\\/karate\\\/2021\\\/03\\\/02\\\/budokwai-karaten-harjoittelutauko-koronasulun-ajan-ma-8-3-alkaen\\\/#primaryimage\"},\"image\":{\"@id\":\"https:\\\/\\\/www.budokwai.fi\\\/karate\\\/2021\\\/03\\\/02\\\/budokwai-karaten-harjoittelutauko-koronasulun-ajan-ma-8-3-alkaen\\\/#primaryimage\"},\"thumbnailUrl\":\"https:\\\/\\\/www.budokwai.fi\\\/karate\\\/wp\\\/wp-content\\\/uploads\\\/2021\\\/03\\\/covid-19.jpg\",\"datePublished\":\"2021-03-02T19:49:24+00:00\",\"dateModified\":\"2021-03-02T19:49:26+00:00\",\"author\":{\"@id\":\"https:\\\/\\\/www.budokwai.fi\\\/karate\\\/#\\\/schema\\\/person\\\/9cbc3b1c5800699bd040a7976fb54edb\"},\"breadcrumb\":{\"@id\":\"https:\\\/\\\/www.budokwai.fi\\\/karate\\\/2021\\\/03\\\/02\\\/budokwai-karaten-harjoittelutauko-koronasulun-ajan-ma-8-3-alkaen\\\/#breadcrumb\"},\"inLanguage\":\"en-US\",\"potentialAction\":[{\"@type\":\"ReadAction\",\"target\":[\"https:\\\/\\\/www.budokwai.fi\\\/karate\\\/2021\\\/03\\\/02\\\/budokwai-karaten-harjoittelutauko-koronasulun-ajan-ma-8-3-alkaen\\\/\"]}]},{\"@type\":\"ImageObject\",\"inLanguage\":\"en-US\",\"@id\":\"https:\\\/\\\/www.budokwai.fi\\\/karate\\\/2021\\\/03\\\/02\\\/budokwai-karaten-harjoittelutauko-koronasulun-ajan-ma-8-3-alkaen\\\/#primaryimage\",\"url\":\"https:\\\/\\\/www.budokwai.fi\\\/karate\\\/wp\\\/wp-content\\\/uploads\\\/2021\\\/03\\\/covid-19.jpg\",\"contentUrl\":\"https:\\\/\\\/www.budokwai.fi\\\/karate\\\/wp\\\/wp-content\\\/uploads\\\/2021\\\/03\\\/covid-19.jpg\",\"width\":860,\"height\":560},{\"@type\":\"BreadcrumbList\",\"@id\":\"https:\\\/\\\/www.budokwai.fi\\\/karate\\\/2021\\\/03\\\/02\\\/budokwai-karaten-harjoittelutauko-koronasulun-ajan-ma-8-3-alkaen\\\/#breadcrumb\",\"itemListElement\":[{\"@type\":\"ListItem\",\"position\":1,\"name\":\"Home\",\"item\":\"https:\\\/\\\/www.budokwai.fi\\\/karate\\\/\"},{\"@type\":\"ListItem\",\"position\":2,\"name\":\"Budokwai Karaten harjoittelutauko koronasulun ajan ma 8.3. alkaen\"}]},{\"@type\":\"WebSite\",\"@id\":\"https:\\\/\\\/www.budokwai.fi\\\/karate\\\/#website\",\"url\":\"https:\\\/\\\/www.budokwai.fi\\\/karate\\\/\",\"name\":\"Budokwai Karate\",\"description\":\"Budokwai karate\",\"potentialAction\":[{\"@type\":\"SearchAction\",\"target\":{\"@type\":\"EntryPoint\",\"urlTemplate\":\"https:\\\/\\\/www.budokwai.fi\\\/karate\\\/?s={search_term_string}\"},\"query-input\":{\"@type\":\"PropertyValueSpecification\",\"valueRequired\":true,\"valueName\":\"search_term_string\"}}],\"inLanguage\":\"en-US\"},{\"@type\":\"Person\",\"@id\":\"https:\\\/\\\/www.budokwai.fi\\\/karate\\\/#\\\/schema\\\/person\\\/9cbc3b1c5800699bd040a7976fb54edb\",\"name\":\"MikaR\",\"image\":{\"@type\":\"ImageObject\",\"inLanguage\":\"en-US\",\"@id\":\"https:\\\/\\\/secure.gravatar.com\\\/avatar\\\/dac280e88f7e589889abeb9be1edff3d7562003cc069aca97f218ca2305055f9?s=96&d=mm&r=g\",\"url\":\"https:\\\/\\\/secure.gravatar.com\\\/avatar\\\/dac280e88f7e589889abeb9be1edff3d7562003cc069aca97f218ca2305055f9?s=96&d=mm&r=g\",\"contentUrl\":\"https:\\\/\\\/secure.gravatar.com\\\/avatar\\\/dac280e88f7e589889abeb9be1edff3d7562003cc069aca97f218ca2305055f9?s=96&d=mm&r=g\",\"caption\":\"MikaR\"},\"url\":\"https:\\\/\\\/www.budokwai.fi\\\/karate\\\/author\\\/mikar\\\/\"}]}<\/script>\n<!-- \/ Yoast SEO plugin. -->","yoast_head_json":{"title":"Budokwai Karaten harjoittelutauko koronasulun ajan ma 8.3. alkaen - Budokwai Karate","robots":{"index":"index","follow":"follow","max-snippet":"max-snippet:-1","max-image-preview":"max-image-preview:large","max-video-preview":"max-video-preview:-1"},"canonical":"https:\/\/www.budokwai.fi\/karate\/2021\/03\/02\/budokwai-karaten-harjoittelutauko-koronasulun-ajan-ma-8-3-alkaen\/","og_locale":"fi_FI","og_type":"article","og_title":"Budokwai Karaten harjoittelutauko koronasulun ajan ma 8.3. alkaen - Budokwai Karate","og_description":"Viranomaisohjeiden mukainen harjoitustauko alkaa 8.3. Valtioneuvoston viimeviikkoisten ilmoitusten ja Varsinais-Suomen koronakoordionaatioryhm\u00e4n sek\u00e4 Turun kaupungin t\u00e4n\u00e4\u00e4n 1.3.2021 julkaiseman ohjeistuksen mukaisesti aloitamme kaikkien lasten ja nuorten ryhmien harjoittelutauon ensi maanantaista 8.3. alkaen. Viranomaisten lanseeraama koronasulku koskee l\u00e4ht\u00f6kohtaisesti 2007 ja sit\u00e4 ennen syntyneit\u00e4, mutta olemme p\u00e4\u00e4tt\u00e4neet saattaa sen kattamaan kaikki harjoitteluryhm\u00e4t i\u00e4st\u00e4 riippumatta lajin l\u00e4hikontakiluonteen vuoksi. Aikuisten harjoitukset... Lue lis\u00e4\u00e4 &raquo;","og_url":"https:\/\/www.budokwai.fi\/karate\/2021\/03\/02\/budokwai-karaten-harjoittelutauko-koronasulun-ajan-ma-8-3-alkaen\/","og_site_name":"Budokwai Karate","article_publisher":"https:\/\/www.facebook.com\/budokwaikarateturku\/","article_published_time":"2021-03-02T19:49:24+00:00","article_modified_time":"2021-03-02T19:49:26+00:00","og_image":[{"width":860,"height":560,"url":"https:\/\/www.budokwai.fi\/karate\/wp\/wp-content\/uploads\/2021\/03\/covid-19.jpg","type":"image\/jpeg"}],"author":"MikaR","twitter_card":"summary_large_image","twitter_misc":{"Written by":"MikaR","Est. reading time":"1 minute"},"schema":{"@context":"https:\/\/schema.org","@graph":[{"@type":"Article","@id":"https:\/\/www.budokwai.fi\/karate\/2021\/03\/02\/budokwai-karaten-harjoittelutauko-koronasulun-ajan-ma-8-3-alkaen\/#article","isPartOf":{"@id":"https:\/\/www.budokwai.fi\/karate\/2021\/03\/02\/budokwai-karaten-harjoittelutauko-koronasulun-ajan-ma-8-3-alkaen\/"},"author":{"name":"MikaR","@id":"https:\/\/www.budokwai.fi\/karate\/#\/schema\/person\/9cbc3b1c5800699bd040a7976fb54edb"},"headline":"Budokwai Karaten harjoittelutauko koronasulun ajan ma 8.3. alkaen","datePublished":"2021-03-02T19:49:24+00:00","dateModified":"2021-03-02T19:49:26+00:00","mainEntityOfPage":{"@id":"https:\/\/www.budokwai.fi\/karate\/2021\/03\/02\/budokwai-karaten-harjoittelutauko-koronasulun-ajan-ma-8-3-alkaen\/"},"wordCount":177,"image":{"@id":"https:\/\/www.budokwai.fi\/karate\/2021\/03\/02\/budokwai-karaten-harjoittelutauko-koronasulun-ajan-ma-8-3-alkaen\/#primaryimage"},"thumbnailUrl":"https:\/\/www.budokwai.fi\/karate\/wp\/wp-content\/uploads\/2021\/03\/covid-19.jpg","articleSection":["Yleinen"],"inLanguage":"en-US"},{"@type":"WebPage","@id":"https:\/\/www.budokwai.fi\/karate\/2021\/03\/02\/budokwai-karaten-harjoittelutauko-koronasulun-ajan-ma-8-3-alkaen\/","url":"https:\/\/www.budokwai.fi\/karate\/2021\/03\/02\/budokwai-karaten-harjoittelutauko-koronasulun-ajan-ma-8-3-alkaen\/","name":"Budokwai Karaten harjoittelutauko koronasulun ajan ma 8.3. alkaen - Budokwai Karate","isPartOf":{"@id":"https:\/\/www.budokwai.fi\/karate\/#website"},"primaryImageOfPage":{"@id":"https:\/\/www.budokwai.fi\/karate\/2021\/03\/02\/budokwai-karaten-harjoittelutauko-koronasulun-ajan-ma-8-3-alkaen\/#primaryimage"},"image":{"@id":"https:\/\/www.budokwai.fi\/karate\/2021\/03\/02\/budokwai-karaten-harjoittelutauko-koronasulun-ajan-ma-8-3-alkaen\/#primaryimage"},"thumbnailUrl":"https:\/\/www.budokwai.fi\/karate\/wp\/wp-content\/uploads\/2021\/03\/covid-19.jpg","datePublished":"2021-03-02T19:49:24+00:00","dateModified":"2021-03-02T19:49:26+00:00","author":{"@id":"https:\/\/www.budokwai.fi\/karate\/#\/schema\/person\/9cbc3b1c5800699bd040a7976fb54edb"},"breadcrumb":{"@id":"https:\/\/www.budokwai.fi\/karate\/2021\/03\/02\/budokwai-karaten-harjoittelutauko-koronasulun-ajan-ma-8-3-alkaen\/#breadcrumb"},"inLanguage":"en-US","potentialAction":[{"@type":"ReadAction","target":["https:\/\/www.budokwai.fi\/karate\/2021\/03\/02\/budokwai-karaten-harjoittelutauko-koronasulun-ajan-ma-8-3-alkaen\/"]}]},{"@type":"ImageObject","inLanguage":"en-US","@id":"https:\/\/www.budokwai.fi\/karate\/2021\/03\/02\/budokwai-karaten-harjoittelutauko-koronasulun-ajan-ma-8-3-alkaen\/#primaryimage","url":"https:\/\/www.budokwai.fi\/karate\/wp\/wp-content\/uploads\/2021\/03\/covid-19.jpg","contentUrl":"https:\/\/www.budokwai.fi\/karate\/wp\/wp-content\/uploads\/2021\/03\/covid-19.jpg","width":860,"height":560},{"@type":"BreadcrumbList","@id":"https:\/\/www.budokwai.fi\/karate\/2021\/03\/02\/budokwai-karaten-harjoittelutauko-koronasulun-ajan-ma-8-3-alkaen\/#breadcrumb","itemListElement":[{"@type":"ListItem","position":1,"name":"Home","item":"https:\/\/www.budokwai.fi\/karate\/"},{"@type":"ListItem","position":2,"name":"Budokwai Karaten harjoittelutauko koronasulun ajan ma 8.3. alkaen"}]},{"@type":"WebSite","@id":"https:\/\/www.budokwai.fi\/karate\/#website","url":"https:\/\/www.budokwai.fi\/karate\/","name":"Budokwai Karate","description":"Budokwai karate","potentialAction":[{"@type":"SearchAction","target":{"@type":"EntryPoint","urlTemplate":"https:\/\/www.budokwai.fi\/karate\/?s={search_term_string}"},"query-input":{"@type":"PropertyValueSpecification","valueRequired":true,"valueName":"search_term_string"}}],"inLanguage":"en-US"},{"@type":"Person","@id":"https:\/\/www.budokwai.fi\/karate\/#\/schema\/person\/9cbc3b1c5800699bd040a7976fb54edb","name":"MikaR","image":{"@type":"ImageObject","inLanguage":"en-US","@id":"https:\/\/secure.gravatar.com\/avatar\/dac280e88f7e589889abeb9be1edff3d7562003cc069aca97f218ca2305055f9?s=96&d=mm&r=g","url":"https:\/\/secure.gravatar.com\/avatar\/dac280e88f7e589889abeb9be1edff3d7562003cc069aca97f218ca2305055f9?s=96&d=mm&r=g","contentUrl":"https:\/\/secure.gravatar.com\/avatar\/dac280e88f7e589889abeb9be1edff3d7562003cc069aca97f218ca2305055f9?s=96&d=mm&r=g","caption":"MikaR"},"url":"https:\/\/www.budokwai.fi\/karate\/author\/mikar\/"}]}},"_links":{"self":[{"href":"https:\/\/www.budokwai.fi\/karate\/wp-json\/wp\/v2\/posts\/4185","targetHints":{"allow":["GET"]}}],"collection":[{"href":"https:\/\/www.budokwai.fi\/karate\/wp-json\/wp\/v2\/posts"}],"about":[{"href":"https:\/\/www.budokwai.fi\/karate\/wp-json\/wp\/v2\/types\/post"}],"author":[{"embeddable":true,"href":"https:\/\/www.budokwai.fi\/karate\/wp-json\/wp\/v2\/users\/3"}],"replies":[{"embeddable":true,"href":"https:\/\/www.budokwai.fi\/karate\/wp-json\/wp\/v2\/comments?post=4185"}],"version-history":[{"count":1,"href":"https:\/\/www.budokwai.fi\/karate\/wp-json\/wp\/v2\/posts\/4185\/revisions"}],"predecessor-version":[{"id":4187,"href":"https:\/\/www.budokwai.fi\/karate\/wp-json\/wp\/v2\/posts\/4185\/revisions\/4187"}],"wp:featuredmedia":[{"embeddable":true,"href":"https:\/\/www.budokwai.fi\/karate\/wp-json\/wp\/v2\/media\/4186"}],"wp:attachment":[{"href":"https:\/\/www.budokwai.fi\/karate\/wp-json\/wp\/v2\/media?parent=4185"}],"wp:term":[{"taxonomy":"category","embeddable":true,"href":"https:\/\/www.budokwai.fi\/karate\/wp-json\/wp\/v2\/categories?post=4185"},{"taxonomy":"post_tag","embeddable":true,"href":"https:\/\/www.budokwai.fi\/karate\/wp-json\/wp\/v2\/tags?post=4185"}],"curies":[{"name":"wp","href":"https:\/\/api.w.org\/{rel}","templated":true}]}}