{"id":4181,"date":"2021-02-18T21:49:24","date_gmt":"2021-02-18T19:49:24","guid":{"rendered":"http:\/\/www.budokwai.fi\/karate\/?p=4181"},"modified":"2021-02-18T21:50:05","modified_gmt":"2021-02-18T19:50:05","slug":"hiihtolomaviikko","status":"publish","type":"post","link":"https:\/\/www.budokwai.fi\/karate\/2021\/02\/18\/hiihtolomaviikko\/","title":{"rendered":"Hiihtolomaviikko"},"content":{"rendered":"\n<p>Ensi viikolla on Turun alueella koulujen hiihtolomaviikko. Lasten ja nuorten harjoitukset ovat tauolla su 21.2. &#8211; pe 26.2. Harjoitukset jatkuvat normaalisti su 27.2.<\/p>\n<p>Aikuisilla (ja perhebudolla) Turun kaupungin koronarajoitukset ovat voimassa 7.3. saakka, mik\u00e4 tarkoittaa, ett\u00e4 aikuisten harjoittelu alkaa aikaisintaan ma 8.3. Aiheesta tiedotetaan kun Turun jatkolinjaukset selvi\u00e4v\u00e4t.<\/p>\n<p>Suomen Karateliiton lisenssikausi 2021 on alkanut. Kaikkien harjoittelijoiden tulee hankkia karateliiton lisenssi omatoimisesti. Ohjeet:\u00a0<a href=\"https:\/\/karateliitto.fi\/fi\/lisenssit-ja-vakuutukset\/\" target=\"_blank\" rel=\"noopener noreferrer\" data-saferedirecturl=\"https:\/\/www.google.com\/url?q=https:\/\/karateliitto.fi\/fi\/lisenssit-ja-vakuutukset\/&amp;source=gmail&amp;ust=1613763511485000&amp;usg=AFQjCNEsZ9K7uAN9alqPGL7KFNLRQipP5g\">https:\/\/karateliitto.fi\/fi\/<wbr \/>lisenssit-ja-vakuutukset\/<\/a>\u00a0.<br \/>Harrastajalisensii on vain 10 eur\/v. Lis\u00e4ksi suosittelemme lisenssin kanssa hankittavaa vakuutusta tai omaa kamppailu-urheilun korvaavaa vakuutusta.<\/p>\n<p>Seuran harjoittelumaksujen laskutus on k\u00e4ynnistyny lasten ja nuorten osalta. Kev\u00e4\u00e4n 2021 laskut on osin l\u00e4hetetty ja osalla ryhmist\u00e4 juuri l\u00e4hd\u00f6ss\u00e4.<br \/>Aikuisten osalta laskutus vasta kun tied\u00e4mme kev\u00e4\u00e4n jatkosta.<\/p>\n<p>\u00a0<\/p>\n","protected":false},"excerpt":{"rendered":"<p>Ensi viikolla on Turun alueella koulujen hiihtolomaviikko. Lasten ja nuorten harjoitukset ovat tauolla su 21.2. &#8211; pe 26.2. Harjoitukset jatkuvat normaalisti su 27.2. Aikuisilla (ja perhebudolla) Turun kaupungin koronarajoitukset ovat voimassa 7.3. saakka, mik\u00e4 tarkoittaa, ett\u00e4 aikuisten harjoittelu alkaa aikaisintaan ma 8.3. Aiheesta tiedotetaan kun Turun jatkolinjaukset selvi\u00e4v\u00e4t. Suomen Karateliiton lisenssikausi 2021 on alkanut. Kaikkien&#8230;  <a class=\"excerpt-read-more\" href=\"https:\/\/www.budokwai.fi\/karate\/2021\/02\/18\/hiihtolomaviikko\/\" title=\"Hiihtolomaviikko\">Lue lis\u00e4\u00e4 &raquo;<\/a><\/p>\n","protected":false},"author":3,"featured_media":3988,"comment_status":"closed","ping_status":"open","sticky":false,"template":"","format":"standard","meta":{"_acf_changed":false,"_monsterinsights_skip_tracking":false,"_monsterinsights_sitenote_active":false,"_monsterinsights_sitenote_note":"","_monsterinsights_sitenote_category":0,"footnotes":""},"categories":[1],"tags":[],"class_list":["post-4181","post","type-post","status-publish","format-standard","has-post-thumbnail","hentry","category-yleinen"],"acf":[],"yoast_head":"<!-- This site is optimized with the Yoast SEO plugin v27.4 - https:\/\/yoast.com\/product\/yoast-seo-wordpress\/ -->\n<title>Hiihtolomaviikko - Budokwai Karate<\/title>\n<meta name=\"robots\" content=\"index, follow, max-snippet:-1, max-image-preview:large, max-video-preview:-1\" \/>\n<link rel=\"canonical\" href=\"https:\/\/www.budokwai.fi\/karate\/2021\/02\/18\/hiihtolomaviikko\/\" \/>\n<meta property=\"og:locale\" content=\"fi_FI\" \/>\n<meta property=\"og:type\" content=\"article\" \/>\n<meta property=\"og:title\" content=\"Hiihtolomaviikko - Budokwai Karate\" \/>\n<meta property=\"og:description\" content=\"Ensi viikolla on Turun alueella koulujen hiihtolomaviikko. Lasten ja nuorten harjoitukset ovat tauolla su 21.2. &#8211; pe 26.2. Harjoitukset jatkuvat normaalisti su 27.2. Aikuisilla (ja perhebudolla) Turun kaupungin koronarajoitukset ovat voimassa 7.3. saakka, mik\u00e4 tarkoittaa, ett\u00e4 aikuisten harjoittelu alkaa aikaisintaan ma 8.3. Aiheesta tiedotetaan kun Turun jatkolinjaukset selvi\u00e4v\u00e4t. Suomen Karateliiton lisenssikausi 2021 on alkanut. Kaikkien... Lue lis\u00e4\u00e4 &raquo;\" \/>\n<meta property=\"og:url\" content=\"https:\/\/www.budokwai.fi\/karate\/2021\/02\/18\/hiihtolomaviikko\/\" \/>\n<meta property=\"og:site_name\" content=\"Budokwai Karate\" \/>\n<meta property=\"article:publisher\" content=\"https:\/\/www.facebook.com\/budokwaikarateturku\/\" \/>\n<meta property=\"article:published_time\" content=\"2021-02-18T19:49:24+00:00\" \/>\n<meta property=\"article:modified_time\" content=\"2021-02-18T19:50:05+00:00\" \/>\n<meta property=\"og:image\" content=\"https:\/\/www.budokwai.fi\/karate\/wp\/wp-content\/uploads\/2019\/11\/KarateKuva_front1.jpg\" \/>\n\t<meta property=\"og:image:width\" content=\"1024\" \/>\n\t<meta property=\"og:image:height\" content=\"1024\" \/>\n\t<meta property=\"og:image:type\" content=\"image\/jpeg\" \/>\n<meta name=\"author\" content=\"MikaR\" \/>\n<meta name=\"twitter:card\" content=\"summary_large_image\" \/>\n<meta name=\"twitter:label1\" content=\"Written by\" \/>\n\t<meta name=\"twitter:data1\" content=\"MikaR\" \/>\n\t<meta name=\"twitter:label2\" content=\"Est. reading time\" \/>\n\t<meta name=\"twitter:data2\" content=\"1 minute\" \/>\n<script type=\"application\/ld+json\" class=\"yoast-schema-graph\">{\"@context\":\"https:\\\/\\\/schema.org\",\"@graph\":[{\"@type\":\"Article\",\"@id\":\"https:\\\/\\\/www.budokwai.fi\\\/karate\\\/2021\\\/02\\\/18\\\/hiihtolomaviikko\\\/#article\",\"isPartOf\":{\"@id\":\"https:\\\/\\\/www.budokwai.fi\\\/karate\\\/2021\\\/02\\\/18\\\/hiihtolomaviikko\\\/\"},\"author\":{\"name\":\"MikaR\",\"@id\":\"https:\\\/\\\/www.budokwai.fi\\\/karate\\\/#\\\/schema\\\/person\\\/9cbc3b1c5800699bd040a7976fb54edb\"},\"headline\":\"Hiihtolomaviikko\",\"datePublished\":\"2021-02-18T19:49:24+00:00\",\"dateModified\":\"2021-02-18T19:50:05+00:00\",\"mainEntityOfPage\":{\"@id\":\"https:\\\/\\\/www.budokwai.fi\\\/karate\\\/2021\\\/02\\\/18\\\/hiihtolomaviikko\\\/\"},\"wordCount\":115,\"image\":{\"@id\":\"https:\\\/\\\/www.budokwai.fi\\\/karate\\\/2021\\\/02\\\/18\\\/hiihtolomaviikko\\\/#primaryimage\"},\"thumbnailUrl\":\"https:\\\/\\\/www.budokwai.fi\\\/karate\\\/wp\\\/wp-content\\\/uploads\\\/2019\\\/11\\\/KarateKuva_front1.jpg\",\"articleSection\":[\"Yleinen\"],\"inLanguage\":\"en-US\"},{\"@type\":\"WebPage\",\"@id\":\"https:\\\/\\\/www.budokwai.fi\\\/karate\\\/2021\\\/02\\\/18\\\/hiihtolomaviikko\\\/\",\"url\":\"https:\\\/\\\/www.budokwai.fi\\\/karate\\\/2021\\\/02\\\/18\\\/hiihtolomaviikko\\\/\",\"name\":\"Hiihtolomaviikko - Budokwai Karate\",\"isPartOf\":{\"@id\":\"https:\\\/\\\/www.budokwai.fi\\\/karate\\\/#website\"},\"primaryImageOfPage\":{\"@id\":\"https:\\\/\\\/www.budokwai.fi\\\/karate\\\/2021\\\/02\\\/18\\\/hiihtolomaviikko\\\/#primaryimage\"},\"image\":{\"@id\":\"https:\\\/\\\/www.budokwai.fi\\\/karate\\\/2021\\\/02\\\/18\\\/hiihtolomaviikko\\\/#primaryimage\"},\"thumbnailUrl\":\"https:\\\/\\\/www.budokwai.fi\\\/karate\\\/wp\\\/wp-content\\\/uploads\\\/2019\\\/11\\\/KarateKuva_front1.jpg\",\"datePublished\":\"2021-02-18T19:49:24+00:00\",\"dateModified\":\"2021-02-18T19:50:05+00:00\",\"author\":{\"@id\":\"https:\\\/\\\/www.budokwai.fi\\\/karate\\\/#\\\/schema\\\/person\\\/9cbc3b1c5800699bd040a7976fb54edb\"},\"breadcrumb\":{\"@id\":\"https:\\\/\\\/www.budokwai.fi\\\/karate\\\/2021\\\/02\\\/18\\\/hiihtolomaviikko\\\/#breadcrumb\"},\"inLanguage\":\"en-US\",\"potentialAction\":[{\"@type\":\"ReadAction\",\"target\":[\"https:\\\/\\\/www.budokwai.fi\\\/karate\\\/2021\\\/02\\\/18\\\/hiihtolomaviikko\\\/\"]}]},{\"@type\":\"ImageObject\",\"inLanguage\":\"en-US\",\"@id\":\"https:\\\/\\\/www.budokwai.fi\\\/karate\\\/2021\\\/02\\\/18\\\/hiihtolomaviikko\\\/#primaryimage\",\"url\":\"https:\\\/\\\/www.budokwai.fi\\\/karate\\\/wp\\\/wp-content\\\/uploads\\\/2019\\\/11\\\/KarateKuva_front1.jpg\",\"contentUrl\":\"https:\\\/\\\/www.budokwai.fi\\\/karate\\\/wp\\\/wp-content\\\/uploads\\\/2019\\\/11\\\/KarateKuva_front1.jpg\",\"width\":1024,\"height\":1024},{\"@type\":\"BreadcrumbList\",\"@id\":\"https:\\\/\\\/www.budokwai.fi\\\/karate\\\/2021\\\/02\\\/18\\\/hiihtolomaviikko\\\/#breadcrumb\",\"itemListElement\":[{\"@type\":\"ListItem\",\"position\":1,\"name\":\"Home\",\"item\":\"https:\\\/\\\/www.budokwai.fi\\\/karate\\\/\"},{\"@type\":\"ListItem\",\"position\":2,\"name\":\"Hiihtolomaviikko\"}]},{\"@type\":\"WebSite\",\"@id\":\"https:\\\/\\\/www.budokwai.fi\\\/karate\\\/#website\",\"url\":\"https:\\\/\\\/www.budokwai.fi\\\/karate\\\/\",\"name\":\"Budokwai Karate\",\"description\":\"Budokwai karate\",\"potentialAction\":[{\"@type\":\"SearchAction\",\"target\":{\"@type\":\"EntryPoint\",\"urlTemplate\":\"https:\\\/\\\/www.budokwai.fi\\\/karate\\\/?s={search_term_string}\"},\"query-input\":{\"@type\":\"PropertyValueSpecification\",\"valueRequired\":true,\"valueName\":\"search_term_string\"}}],\"inLanguage\":\"en-US\"},{\"@type\":\"Person\",\"@id\":\"https:\\\/\\\/www.budokwai.fi\\\/karate\\\/#\\\/schema\\\/person\\\/9cbc3b1c5800699bd040a7976fb54edb\",\"name\":\"MikaR\",\"image\":{\"@type\":\"ImageObject\",\"inLanguage\":\"en-US\",\"@id\":\"https:\\\/\\\/secure.gravatar.com\\\/avatar\\\/dac280e88f7e589889abeb9be1edff3d7562003cc069aca97f218ca2305055f9?s=96&d=mm&r=g\",\"url\":\"https:\\\/\\\/secure.gravatar.com\\\/avatar\\\/dac280e88f7e589889abeb9be1edff3d7562003cc069aca97f218ca2305055f9?s=96&d=mm&r=g\",\"contentUrl\":\"https:\\\/\\\/secure.gravatar.com\\\/avatar\\\/dac280e88f7e589889abeb9be1edff3d7562003cc069aca97f218ca2305055f9?s=96&d=mm&r=g\",\"caption\":\"MikaR\"},\"url\":\"https:\\\/\\\/www.budokwai.fi\\\/karate\\\/author\\\/mikar\\\/\"}]}<\/script>\n<!-- \/ Yoast SEO plugin. -->","yoast_head_json":{"title":"Hiihtolomaviikko - Budokwai Karate","robots":{"index":"index","follow":"follow","max-snippet":"max-snippet:-1","max-image-preview":"max-image-preview:large","max-video-preview":"max-video-preview:-1"},"canonical":"https:\/\/www.budokwai.fi\/karate\/2021\/02\/18\/hiihtolomaviikko\/","og_locale":"fi_FI","og_type":"article","og_title":"Hiihtolomaviikko - Budokwai Karate","og_description":"Ensi viikolla on Turun alueella koulujen hiihtolomaviikko. Lasten ja nuorten harjoitukset ovat tauolla su 21.2. &#8211; pe 26.2. Harjoitukset jatkuvat normaalisti su 27.2. Aikuisilla (ja perhebudolla) Turun kaupungin koronarajoitukset ovat voimassa 7.3. saakka, mik\u00e4 tarkoittaa, ett\u00e4 aikuisten harjoittelu alkaa aikaisintaan ma 8.3. Aiheesta tiedotetaan kun Turun jatkolinjaukset selvi\u00e4v\u00e4t. Suomen Karateliiton lisenssikausi 2021 on alkanut. Kaikkien... Lue lis\u00e4\u00e4 &raquo;","og_url":"https:\/\/www.budokwai.fi\/karate\/2021\/02\/18\/hiihtolomaviikko\/","og_site_name":"Budokwai Karate","article_publisher":"https:\/\/www.facebook.com\/budokwaikarateturku\/","article_published_time":"2021-02-18T19:49:24+00:00","article_modified_time":"2021-02-18T19:50:05+00:00","og_image":[{"width":1024,"height":1024,"url":"https:\/\/www.budokwai.fi\/karate\/wp\/wp-content\/uploads\/2019\/11\/KarateKuva_front1.jpg","type":"image\/jpeg"}],"author":"MikaR","twitter_card":"summary_large_image","twitter_misc":{"Written by":"MikaR","Est. reading time":"1 minute"},"schema":{"@context":"https:\/\/schema.org","@graph":[{"@type":"Article","@id":"https:\/\/www.budokwai.fi\/karate\/2021\/02\/18\/hiihtolomaviikko\/#article","isPartOf":{"@id":"https:\/\/www.budokwai.fi\/karate\/2021\/02\/18\/hiihtolomaviikko\/"},"author":{"name":"MikaR","@id":"https:\/\/www.budokwai.fi\/karate\/#\/schema\/person\/9cbc3b1c5800699bd040a7976fb54edb"},"headline":"Hiihtolomaviikko","datePublished":"2021-02-18T19:49:24+00:00","dateModified":"2021-02-18T19:50:05+00:00","mainEntityOfPage":{"@id":"https:\/\/www.budokwai.fi\/karate\/2021\/02\/18\/hiihtolomaviikko\/"},"wordCount":115,"image":{"@id":"https:\/\/www.budokwai.fi\/karate\/2021\/02\/18\/hiihtolomaviikko\/#primaryimage"},"thumbnailUrl":"https:\/\/www.budokwai.fi\/karate\/wp\/wp-content\/uploads\/2019\/11\/KarateKuva_front1.jpg","articleSection":["Yleinen"],"inLanguage":"en-US"},{"@type":"WebPage","@id":"https:\/\/www.budokwai.fi\/karate\/2021\/02\/18\/hiihtolomaviikko\/","url":"https:\/\/www.budokwai.fi\/karate\/2021\/02\/18\/hiihtolomaviikko\/","name":"Hiihtolomaviikko - Budokwai Karate","isPartOf":{"@id":"https:\/\/www.budokwai.fi\/karate\/#website"},"primaryImageOfPage":{"@id":"https:\/\/www.budokwai.fi\/karate\/2021\/02\/18\/hiihtolomaviikko\/#primaryimage"},"image":{"@id":"https:\/\/www.budokwai.fi\/karate\/2021\/02\/18\/hiihtolomaviikko\/#primaryimage"},"thumbnailUrl":"https:\/\/www.budokwai.fi\/karate\/wp\/wp-content\/uploads\/2019\/11\/KarateKuva_front1.jpg","datePublished":"2021-02-18T19:49:24+00:00","dateModified":"2021-02-18T19:50:05+00:00","author":{"@id":"https:\/\/www.budokwai.fi\/karate\/#\/schema\/person\/9cbc3b1c5800699bd040a7976fb54edb"},"breadcrumb":{"@id":"https:\/\/www.budokwai.fi\/karate\/2021\/02\/18\/hiihtolomaviikko\/#breadcrumb"},"inLanguage":"en-US","potentialAction":[{"@type":"ReadAction","target":["https:\/\/www.budokwai.fi\/karate\/2021\/02\/18\/hiihtolomaviikko\/"]}]},{"@type":"ImageObject","inLanguage":"en-US","@id":"https:\/\/www.budokwai.fi\/karate\/2021\/02\/18\/hiihtolomaviikko\/#primaryimage","url":"https:\/\/www.budokwai.fi\/karate\/wp\/wp-content\/uploads\/2019\/11\/KarateKuva_front1.jpg","contentUrl":"https:\/\/www.budokwai.fi\/karate\/wp\/wp-content\/uploads\/2019\/11\/KarateKuva_front1.jpg","width":1024,"height":1024},{"@type":"BreadcrumbList","@id":"https:\/\/www.budokwai.fi\/karate\/2021\/02\/18\/hiihtolomaviikko\/#breadcrumb","itemListElement":[{"@type":"ListItem","position":1,"name":"Home","item":"https:\/\/www.budokwai.fi\/karate\/"},{"@type":"ListItem","position":2,"name":"Hiihtolomaviikko"}]},{"@type":"WebSite","@id":"https:\/\/www.budokwai.fi\/karate\/#website","url":"https:\/\/www.budokwai.fi\/karate\/","name":"Budokwai Karate","description":"Budokwai karate","potentialAction":[{"@type":"SearchAction","target":{"@type":"EntryPoint","urlTemplate":"https:\/\/www.budokwai.fi\/karate\/?s={search_term_string}"},"query-input":{"@type":"PropertyValueSpecification","valueRequired":true,"valueName":"search_term_string"}}],"inLanguage":"en-US"},{"@type":"Person","@id":"https:\/\/www.budokwai.fi\/karate\/#\/schema\/person\/9cbc3b1c5800699bd040a7976fb54edb","name":"MikaR","image":{"@type":"ImageObject","inLanguage":"en-US","@id":"https:\/\/secure.gravatar.com\/avatar\/dac280e88f7e589889abeb9be1edff3d7562003cc069aca97f218ca2305055f9?s=96&d=mm&r=g","url":"https:\/\/secure.gravatar.com\/avatar\/dac280e88f7e589889abeb9be1edff3d7562003cc069aca97f218ca2305055f9?s=96&d=mm&r=g","contentUrl":"https:\/\/secure.gravatar.com\/avatar\/dac280e88f7e589889abeb9be1edff3d7562003cc069aca97f218ca2305055f9?s=96&d=mm&r=g","caption":"MikaR"},"url":"https:\/\/www.budokwai.fi\/karate\/author\/mikar\/"}]}},"_links":{"self":[{"href":"https:\/\/www.budokwai.fi\/karate\/wp-json\/wp\/v2\/posts\/4181","targetHints":{"allow":["GET"]}}],"collection":[{"href":"https:\/\/www.budokwai.fi\/karate\/wp-json\/wp\/v2\/posts"}],"about":[{"href":"https:\/\/www.budokwai.fi\/karate\/wp-json\/wp\/v2\/types\/post"}],"author":[{"embeddable":true,"href":"https:\/\/www.budokwai.fi\/karate\/wp-json\/wp\/v2\/users\/3"}],"replies":[{"embeddable":true,"href":"https:\/\/www.budokwai.fi\/karate\/wp-json\/wp\/v2\/comments?post=4181"}],"version-history":[{"count":1,"href":"https:\/\/www.budokwai.fi\/karate\/wp-json\/wp\/v2\/posts\/4181\/revisions"}],"predecessor-version":[{"id":4182,"href":"https:\/\/www.budokwai.fi\/karate\/wp-json\/wp\/v2\/posts\/4181\/revisions\/4182"}],"wp:featuredmedia":[{"embeddable":true,"href":"https:\/\/www.budokwai.fi\/karate\/wp-json\/wp\/v2\/media\/3988"}],"wp:attachment":[{"href":"https:\/\/www.budokwai.fi\/karate\/wp-json\/wp\/v2\/media?parent=4181"}],"wp:term":[{"taxonomy":"category","embeddable":true,"href":"https:\/\/www.budokwai.fi\/karate\/wp-json\/wp\/v2\/categories?post=4181"},{"taxonomy":"post_tag","embeddable":true,"href":"https:\/\/www.budokwai.fi\/karate\/wp-json\/wp\/v2\/tags?post=4181"}],"curies":[{"name":"wp","href":"https:\/\/api.w.org\/{rel}","templated":true}]}}