{"id":4168,"date":"2021-01-11T21:57:10","date_gmt":"2021-01-11T19:57:10","guid":{"rendered":"http:\/\/www.budokwai.fi\/karate\/?p=4168"},"modified":"2021-01-11T21:57:11","modified_gmt":"2021-01-11T19:57:11","slug":"lasten-ja-nuorten-harjoitukset","status":"publish","type":"post","link":"https:\/\/www.budokwai.fi\/karate\/2021\/01\/11\/lasten-ja-nuorten-harjoitukset\/","title":{"rendered":"Lasten ja Nuorten harjoitukset"},"content":{"rendered":"\n<p>Aloitimme Jatkoryhmien kev\u00e4tkauden 2021 sunnuntaiharjoitukset eilen 10.1. Hyv\u00e4 oli meininki!<\/p>\n<p>Vapaaehtoisista lis\u00e4harjoituksista alkamistietoja:<\/p>\n<ul>\n<li>Ismon vet\u00e4m\u00e4t Young Fighters Club (YFC) lis\u00e4harkat alkavat tulevana torstaina 14.1. klo 18.00<\/li>\n<li>Anssin vet\u00e4m\u00e4t juniorien ottelutreenit alkavat ensi viikon tiistaina 19.1. klo 19.00<\/li>\n<li>Markon ja Samin vet\u00e4m\u00e4t juniorien yhteistreenit alkavat ensi viikolla keskiviikkona 20.1. klo 17.15<\/li>\n<\/ul>\n<p><br \/>Huomioikaa, ett\u00e4 Karateliiton uusi lisenssikausi 2021 on alkanut. Karateliiton sertifioituna t\u00e4htiseurana k\u00e4yt\u00e4mme liiton palveluja ja lisenssin ottaminen on kaikille j\u00e4senille v\u00e4ltt\u00e4m\u00e4t\u00f6n. Samalla voi optiona ottaa edullisen karatevakuutuksen. Pelkk\u00e4 10 euron harrastajalisenssikin riitt\u00e4\u00e4, jos on muu oma urheiluvakuutus.<\/p>\n<p>Lisenssin hankinnan ohjeet t\u00e4\u00e4lt\u00e4:\u00a0<a href=\"https:\/\/karateliitto.fi\/fi\/lisenssit-ja-vakuutukset\/\" target=\"_blank\" rel=\"noopener noreferrer\" data-saferedirecturl=\"https:\/\/www.google.com\/url?q=https:\/\/karateliitto.fi\/fi\/lisenssit-ja-vakuutukset\/&amp;source=gmail&amp;ust=1610475092413000&amp;usg=AFQjCNEzUWl8FiRWY90BdauN1m-alQlwMw\">https:\/\/karateliitto.fi\/fi\/<wbr \/>lisenssit-ja-vakuutukset\/<\/a><\/p>\n<p>\u00a0<\/p>\n","protected":false},"excerpt":{"rendered":"<p>Aloitimme Jatkoryhmien kev\u00e4tkauden 2021 sunnuntaiharjoitukset eilen 10.1. Hyv\u00e4 oli meininki! Vapaaehtoisista lis\u00e4harjoituksista alkamistietoja: Ismon vet\u00e4m\u00e4t Young Fighters Club (YFC) lis\u00e4harkat alkavat tulevana torstaina 14.1. klo 18.00 Anssin vet\u00e4m\u00e4t juniorien ottelutreenit alkavat ensi viikon tiistaina 19.1. klo 19.00 Markon ja Samin vet\u00e4m\u00e4t juniorien yhteistreenit alkavat ensi viikolla keskiviikkona 20.1. klo 17.15 Huomioikaa, ett\u00e4 Karateliiton uusi lisenssikausi&#8230;  <a class=\"excerpt-read-more\" href=\"https:\/\/www.budokwai.fi\/karate\/2021\/01\/11\/lasten-ja-nuorten-harjoitukset\/\" title=\"Lasten ja Nuorten harjoitukset\">Lue lis\u00e4\u00e4 &raquo;<\/a><\/p>\n","protected":false},"author":3,"featured_media":4169,"comment_status":"closed","ping_status":"open","sticky":false,"template":"","format":"standard","meta":{"_acf_changed":false,"_monsterinsights_skip_tracking":false,"_monsterinsights_sitenote_active":false,"_monsterinsights_sitenote_note":"","_monsterinsights_sitenote_category":0,"footnotes":""},"categories":[1],"tags":[],"class_list":["post-4168","post","type-post","status-publish","format-standard","has-post-thumbnail","hentry","category-yleinen"],"acf":[],"yoast_head":"<!-- This site is optimized with the Yoast SEO plugin v27.5 - https:\/\/yoast.com\/product\/yoast-seo-wordpress\/ -->\n<title>Lasten ja Nuorten harjoitukset - Budokwai Karate<\/title>\n<meta name=\"robots\" content=\"index, follow, max-snippet:-1, max-image-preview:large, max-video-preview:-1\" \/>\n<link rel=\"canonical\" href=\"https:\/\/www.budokwai.fi\/karate\/2021\/01\/11\/lasten-ja-nuorten-harjoitukset\/\" \/>\n<meta property=\"og:locale\" content=\"fi_FI\" \/>\n<meta property=\"og:type\" content=\"article\" \/>\n<meta property=\"og:title\" content=\"Lasten ja Nuorten harjoitukset - Budokwai Karate\" \/>\n<meta property=\"og:description\" content=\"Aloitimme Jatkoryhmien kev\u00e4tkauden 2021 sunnuntaiharjoitukset eilen 10.1. Hyv\u00e4 oli meininki! Vapaaehtoisista lis\u00e4harjoituksista alkamistietoja: Ismon vet\u00e4m\u00e4t Young Fighters Club (YFC) lis\u00e4harkat alkavat tulevana torstaina 14.1. klo 18.00 Anssin vet\u00e4m\u00e4t juniorien ottelutreenit alkavat ensi viikon tiistaina 19.1. klo 19.00 Markon ja Samin vet\u00e4m\u00e4t juniorien yhteistreenit alkavat ensi viikolla keskiviikkona 20.1. klo 17.15 Huomioikaa, ett\u00e4 Karateliiton uusi lisenssikausi... Lue lis\u00e4\u00e4 &raquo;\" \/>\n<meta property=\"og:url\" content=\"https:\/\/www.budokwai.fi\/karate\/2021\/01\/11\/lasten-ja-nuorten-harjoitukset\/\" \/>\n<meta property=\"og:site_name\" content=\"Budokwai Karate\" \/>\n<meta property=\"article:publisher\" content=\"https:\/\/www.facebook.com\/budokwaikarateturku\/\" \/>\n<meta property=\"article:published_time\" content=\"2021-01-11T19:57:10+00:00\" \/>\n<meta property=\"article:modified_time\" content=\"2021-01-11T19:57:11+00:00\" \/>\n<meta property=\"og:image\" content=\"https:\/\/www.budokwai.fi\/karate\/wp\/wp-content\/uploads\/2021\/01\/karateka.jpg\" \/>\n\t<meta property=\"og:image:width\" content=\"1039\" \/>\n\t<meta property=\"og:image:height\" content=\"1280\" \/>\n\t<meta property=\"og:image:type\" content=\"image\/jpeg\" \/>\n<meta name=\"author\" content=\"MikaR\" \/>\n<meta name=\"twitter:card\" content=\"summary_large_image\" \/>\n<meta name=\"twitter:label1\" content=\"Written by\" \/>\n\t<meta name=\"twitter:data1\" content=\"MikaR\" \/>\n\t<meta name=\"twitter:label2\" content=\"Est. reading time\" \/>\n\t<meta name=\"twitter:data2\" content=\"1 minute\" \/>\n<script type=\"application\/ld+json\" class=\"yoast-schema-graph\">{\"@context\":\"https:\\\/\\\/schema.org\",\"@graph\":[{\"@type\":\"Article\",\"@id\":\"https:\\\/\\\/www.budokwai.fi\\\/karate\\\/2021\\\/01\\\/11\\\/lasten-ja-nuorten-harjoitukset\\\/#article\",\"isPartOf\":{\"@id\":\"https:\\\/\\\/www.budokwai.fi\\\/karate\\\/2021\\\/01\\\/11\\\/lasten-ja-nuorten-harjoitukset\\\/\"},\"author\":{\"name\":\"MikaR\",\"@id\":\"https:\\\/\\\/www.budokwai.fi\\\/karate\\\/#\\\/schema\\\/person\\\/9cbc3b1c5800699bd040a7976fb54edb\"},\"headline\":\"Lasten ja Nuorten harjoitukset\",\"datePublished\":\"2021-01-11T19:57:10+00:00\",\"dateModified\":\"2021-01-11T19:57:11+00:00\",\"mainEntityOfPage\":{\"@id\":\"https:\\\/\\\/www.budokwai.fi\\\/karate\\\/2021\\\/01\\\/11\\\/lasten-ja-nuorten-harjoitukset\\\/\"},\"wordCount\":108,\"image\":{\"@id\":\"https:\\\/\\\/www.budokwai.fi\\\/karate\\\/2021\\\/01\\\/11\\\/lasten-ja-nuorten-harjoitukset\\\/#primaryimage\"},\"thumbnailUrl\":\"https:\\\/\\\/www.budokwai.fi\\\/karate\\\/wp\\\/wp-content\\\/uploads\\\/2021\\\/01\\\/karateka.jpg\",\"articleSection\":[\"Yleinen\"],\"inLanguage\":\"en-US\"},{\"@type\":\"WebPage\",\"@id\":\"https:\\\/\\\/www.budokwai.fi\\\/karate\\\/2021\\\/01\\\/11\\\/lasten-ja-nuorten-harjoitukset\\\/\",\"url\":\"https:\\\/\\\/www.budokwai.fi\\\/karate\\\/2021\\\/01\\\/11\\\/lasten-ja-nuorten-harjoitukset\\\/\",\"name\":\"Lasten ja Nuorten harjoitukset - Budokwai Karate\",\"isPartOf\":{\"@id\":\"https:\\\/\\\/www.budokwai.fi\\\/karate\\\/#website\"},\"primaryImageOfPage\":{\"@id\":\"https:\\\/\\\/www.budokwai.fi\\\/karate\\\/2021\\\/01\\\/11\\\/lasten-ja-nuorten-harjoitukset\\\/#primaryimage\"},\"image\":{\"@id\":\"https:\\\/\\\/www.budokwai.fi\\\/karate\\\/2021\\\/01\\\/11\\\/lasten-ja-nuorten-harjoitukset\\\/#primaryimage\"},\"thumbnailUrl\":\"https:\\\/\\\/www.budokwai.fi\\\/karate\\\/wp\\\/wp-content\\\/uploads\\\/2021\\\/01\\\/karateka.jpg\",\"datePublished\":\"2021-01-11T19:57:10+00:00\",\"dateModified\":\"2021-01-11T19:57:11+00:00\",\"author\":{\"@id\":\"https:\\\/\\\/www.budokwai.fi\\\/karate\\\/#\\\/schema\\\/person\\\/9cbc3b1c5800699bd040a7976fb54edb\"},\"breadcrumb\":{\"@id\":\"https:\\\/\\\/www.budokwai.fi\\\/karate\\\/2021\\\/01\\\/11\\\/lasten-ja-nuorten-harjoitukset\\\/#breadcrumb\"},\"inLanguage\":\"en-US\",\"potentialAction\":[{\"@type\":\"ReadAction\",\"target\":[\"https:\\\/\\\/www.budokwai.fi\\\/karate\\\/2021\\\/01\\\/11\\\/lasten-ja-nuorten-harjoitukset\\\/\"]}]},{\"@type\":\"ImageObject\",\"inLanguage\":\"en-US\",\"@id\":\"https:\\\/\\\/www.budokwai.fi\\\/karate\\\/2021\\\/01\\\/11\\\/lasten-ja-nuorten-harjoitukset\\\/#primaryimage\",\"url\":\"https:\\\/\\\/www.budokwai.fi\\\/karate\\\/wp\\\/wp-content\\\/uploads\\\/2021\\\/01\\\/karateka.jpg\",\"contentUrl\":\"https:\\\/\\\/www.budokwai.fi\\\/karate\\\/wp\\\/wp-content\\\/uploads\\\/2021\\\/01\\\/karateka.jpg\",\"width\":1039,\"height\":1280},{\"@type\":\"BreadcrumbList\",\"@id\":\"https:\\\/\\\/www.budokwai.fi\\\/karate\\\/2021\\\/01\\\/11\\\/lasten-ja-nuorten-harjoitukset\\\/#breadcrumb\",\"itemListElement\":[{\"@type\":\"ListItem\",\"position\":1,\"name\":\"Home\",\"item\":\"https:\\\/\\\/www.budokwai.fi\\\/karate\\\/\"},{\"@type\":\"ListItem\",\"position\":2,\"name\":\"Lasten ja Nuorten harjoitukset\"}]},{\"@type\":\"WebSite\",\"@id\":\"https:\\\/\\\/www.budokwai.fi\\\/karate\\\/#website\",\"url\":\"https:\\\/\\\/www.budokwai.fi\\\/karate\\\/\",\"name\":\"Budokwai Karate\",\"description\":\"Budokwai karate\",\"potentialAction\":[{\"@type\":\"SearchAction\",\"target\":{\"@type\":\"EntryPoint\",\"urlTemplate\":\"https:\\\/\\\/www.budokwai.fi\\\/karate\\\/?s={search_term_string}\"},\"query-input\":{\"@type\":\"PropertyValueSpecification\",\"valueRequired\":true,\"valueName\":\"search_term_string\"}}],\"inLanguage\":\"en-US\"},{\"@type\":\"Person\",\"@id\":\"https:\\\/\\\/www.budokwai.fi\\\/karate\\\/#\\\/schema\\\/person\\\/9cbc3b1c5800699bd040a7976fb54edb\",\"name\":\"MikaR\",\"image\":{\"@type\":\"ImageObject\",\"inLanguage\":\"en-US\",\"@id\":\"https:\\\/\\\/secure.gravatar.com\\\/avatar\\\/dac280e88f7e589889abeb9be1edff3d7562003cc069aca97f218ca2305055f9?s=96&d=mm&r=g\",\"url\":\"https:\\\/\\\/secure.gravatar.com\\\/avatar\\\/dac280e88f7e589889abeb9be1edff3d7562003cc069aca97f218ca2305055f9?s=96&d=mm&r=g\",\"contentUrl\":\"https:\\\/\\\/secure.gravatar.com\\\/avatar\\\/dac280e88f7e589889abeb9be1edff3d7562003cc069aca97f218ca2305055f9?s=96&d=mm&r=g\",\"caption\":\"MikaR\"},\"url\":\"https:\\\/\\\/www.budokwai.fi\\\/karate\\\/author\\\/mikar\\\/\"}]}<\/script>\n<!-- \/ Yoast SEO plugin. -->","yoast_head_json":{"title":"Lasten ja Nuorten harjoitukset - Budokwai Karate","robots":{"index":"index","follow":"follow","max-snippet":"max-snippet:-1","max-image-preview":"max-image-preview:large","max-video-preview":"max-video-preview:-1"},"canonical":"https:\/\/www.budokwai.fi\/karate\/2021\/01\/11\/lasten-ja-nuorten-harjoitukset\/","og_locale":"fi_FI","og_type":"article","og_title":"Lasten ja Nuorten harjoitukset - Budokwai Karate","og_description":"Aloitimme Jatkoryhmien kev\u00e4tkauden 2021 sunnuntaiharjoitukset eilen 10.1. Hyv\u00e4 oli meininki! Vapaaehtoisista lis\u00e4harjoituksista alkamistietoja: Ismon vet\u00e4m\u00e4t Young Fighters Club (YFC) lis\u00e4harkat alkavat tulevana torstaina 14.1. klo 18.00 Anssin vet\u00e4m\u00e4t juniorien ottelutreenit alkavat ensi viikon tiistaina 19.1. klo 19.00 Markon ja Samin vet\u00e4m\u00e4t juniorien yhteistreenit alkavat ensi viikolla keskiviikkona 20.1. klo 17.15 Huomioikaa, ett\u00e4 Karateliiton uusi lisenssikausi... Lue lis\u00e4\u00e4 &raquo;","og_url":"https:\/\/www.budokwai.fi\/karate\/2021\/01\/11\/lasten-ja-nuorten-harjoitukset\/","og_site_name":"Budokwai Karate","article_publisher":"https:\/\/www.facebook.com\/budokwaikarateturku\/","article_published_time":"2021-01-11T19:57:10+00:00","article_modified_time":"2021-01-11T19:57:11+00:00","og_image":[{"width":1039,"height":1280,"url":"https:\/\/www.budokwai.fi\/karate\/wp\/wp-content\/uploads\/2021\/01\/karateka.jpg","type":"image\/jpeg"}],"author":"MikaR","twitter_card":"summary_large_image","twitter_misc":{"Written by":"MikaR","Est. reading time":"1 minute"},"schema":{"@context":"https:\/\/schema.org","@graph":[{"@type":"Article","@id":"https:\/\/www.budokwai.fi\/karate\/2021\/01\/11\/lasten-ja-nuorten-harjoitukset\/#article","isPartOf":{"@id":"https:\/\/www.budokwai.fi\/karate\/2021\/01\/11\/lasten-ja-nuorten-harjoitukset\/"},"author":{"name":"MikaR","@id":"https:\/\/www.budokwai.fi\/karate\/#\/schema\/person\/9cbc3b1c5800699bd040a7976fb54edb"},"headline":"Lasten ja Nuorten harjoitukset","datePublished":"2021-01-11T19:57:10+00:00","dateModified":"2021-01-11T19:57:11+00:00","mainEntityOfPage":{"@id":"https:\/\/www.budokwai.fi\/karate\/2021\/01\/11\/lasten-ja-nuorten-harjoitukset\/"},"wordCount":108,"image":{"@id":"https:\/\/www.budokwai.fi\/karate\/2021\/01\/11\/lasten-ja-nuorten-harjoitukset\/#primaryimage"},"thumbnailUrl":"https:\/\/www.budokwai.fi\/karate\/wp\/wp-content\/uploads\/2021\/01\/karateka.jpg","articleSection":["Yleinen"],"inLanguage":"en-US"},{"@type":"WebPage","@id":"https:\/\/www.budokwai.fi\/karate\/2021\/01\/11\/lasten-ja-nuorten-harjoitukset\/","url":"https:\/\/www.budokwai.fi\/karate\/2021\/01\/11\/lasten-ja-nuorten-harjoitukset\/","name":"Lasten ja Nuorten harjoitukset - Budokwai Karate","isPartOf":{"@id":"https:\/\/www.budokwai.fi\/karate\/#website"},"primaryImageOfPage":{"@id":"https:\/\/www.budokwai.fi\/karate\/2021\/01\/11\/lasten-ja-nuorten-harjoitukset\/#primaryimage"},"image":{"@id":"https:\/\/www.budokwai.fi\/karate\/2021\/01\/11\/lasten-ja-nuorten-harjoitukset\/#primaryimage"},"thumbnailUrl":"https:\/\/www.budokwai.fi\/karate\/wp\/wp-content\/uploads\/2021\/01\/karateka.jpg","datePublished":"2021-01-11T19:57:10+00:00","dateModified":"2021-01-11T19:57:11+00:00","author":{"@id":"https:\/\/www.budokwai.fi\/karate\/#\/schema\/person\/9cbc3b1c5800699bd040a7976fb54edb"},"breadcrumb":{"@id":"https:\/\/www.budokwai.fi\/karate\/2021\/01\/11\/lasten-ja-nuorten-harjoitukset\/#breadcrumb"},"inLanguage":"en-US","potentialAction":[{"@type":"ReadAction","target":["https:\/\/www.budokwai.fi\/karate\/2021\/01\/11\/lasten-ja-nuorten-harjoitukset\/"]}]},{"@type":"ImageObject","inLanguage":"en-US","@id":"https:\/\/www.budokwai.fi\/karate\/2021\/01\/11\/lasten-ja-nuorten-harjoitukset\/#primaryimage","url":"https:\/\/www.budokwai.fi\/karate\/wp\/wp-content\/uploads\/2021\/01\/karateka.jpg","contentUrl":"https:\/\/www.budokwai.fi\/karate\/wp\/wp-content\/uploads\/2021\/01\/karateka.jpg","width":1039,"height":1280},{"@type":"BreadcrumbList","@id":"https:\/\/www.budokwai.fi\/karate\/2021\/01\/11\/lasten-ja-nuorten-harjoitukset\/#breadcrumb","itemListElement":[{"@type":"ListItem","position":1,"name":"Home","item":"https:\/\/www.budokwai.fi\/karate\/"},{"@type":"ListItem","position":2,"name":"Lasten ja Nuorten harjoitukset"}]},{"@type":"WebSite","@id":"https:\/\/www.budokwai.fi\/karate\/#website","url":"https:\/\/www.budokwai.fi\/karate\/","name":"Budokwai Karate","description":"Budokwai karate","potentialAction":[{"@type":"SearchAction","target":{"@type":"EntryPoint","urlTemplate":"https:\/\/www.budokwai.fi\/karate\/?s={search_term_string}"},"query-input":{"@type":"PropertyValueSpecification","valueRequired":true,"valueName":"search_term_string"}}],"inLanguage":"en-US"},{"@type":"Person","@id":"https:\/\/www.budokwai.fi\/karate\/#\/schema\/person\/9cbc3b1c5800699bd040a7976fb54edb","name":"MikaR","image":{"@type":"ImageObject","inLanguage":"en-US","@id":"https:\/\/secure.gravatar.com\/avatar\/dac280e88f7e589889abeb9be1edff3d7562003cc069aca97f218ca2305055f9?s=96&d=mm&r=g","url":"https:\/\/secure.gravatar.com\/avatar\/dac280e88f7e589889abeb9be1edff3d7562003cc069aca97f218ca2305055f9?s=96&d=mm&r=g","contentUrl":"https:\/\/secure.gravatar.com\/avatar\/dac280e88f7e589889abeb9be1edff3d7562003cc069aca97f218ca2305055f9?s=96&d=mm&r=g","caption":"MikaR"},"url":"https:\/\/www.budokwai.fi\/karate\/author\/mikar\/"}]}},"_links":{"self":[{"href":"https:\/\/www.budokwai.fi\/karate\/wp-json\/wp\/v2\/posts\/4168","targetHints":{"allow":["GET"]}}],"collection":[{"href":"https:\/\/www.budokwai.fi\/karate\/wp-json\/wp\/v2\/posts"}],"about":[{"href":"https:\/\/www.budokwai.fi\/karate\/wp-json\/wp\/v2\/types\/post"}],"author":[{"embeddable":true,"href":"https:\/\/www.budokwai.fi\/karate\/wp-json\/wp\/v2\/users\/3"}],"replies":[{"embeddable":true,"href":"https:\/\/www.budokwai.fi\/karate\/wp-json\/wp\/v2\/comments?post=4168"}],"version-history":[{"count":1,"href":"https:\/\/www.budokwai.fi\/karate\/wp-json\/wp\/v2\/posts\/4168\/revisions"}],"predecessor-version":[{"id":4170,"href":"https:\/\/www.budokwai.fi\/karate\/wp-json\/wp\/v2\/posts\/4168\/revisions\/4170"}],"wp:featuredmedia":[{"embeddable":true,"href":"https:\/\/www.budokwai.fi\/karate\/wp-json\/wp\/v2\/media\/4169"}],"wp:attachment":[{"href":"https:\/\/www.budokwai.fi\/karate\/wp-json\/wp\/v2\/media?parent=4168"}],"wp:term":[{"taxonomy":"category","embeddable":true,"href":"https:\/\/www.budokwai.fi\/karate\/wp-json\/wp\/v2\/categories?post=4168"},{"taxonomy":"post_tag","embeddable":true,"href":"https:\/\/www.budokwai.fi\/karate\/wp-json\/wp\/v2\/tags?post=4168"}],"curies":[{"name":"wp","href":"https:\/\/api.w.org\/{rel}","templated":true}]}}