{"id":4030,"date":"2020-03-30T21:59:23","date_gmt":"2020-03-30T18:59:23","guid":{"rendered":"http:\/\/www.budokwai.fi\/karate\/?p=4030"},"modified":"2020-03-30T21:59:26","modified_gmt":"2020-03-30T18:59:26","slug":"korona-jatkaa-taukoa-13-5-2020-saakka","status":"publish","type":"post","link":"https:\/\/www.budokwai.fi\/karate\/2020\/03\/30\/korona-jatkaa-taukoa-13-5-2020-saakka\/","title":{"rendered":"Korona jatkaa taukoa 13.5.2020 saakka"},"content":{"rendered":"\n<p>Karateharjoitukset ovat peruttu hallituksen ohjeistuksen mukaan <strong>13.5.2020 asti<\/strong> tai kunnes toisin ohjeistetaan. Tiedotamme mahdollisista muutoksista.<br \/><br \/>P\u00e4\u00e4timme nyt julkistaa Budokwai Karaten YouTube kanavan virtuaalista opetusta varten! Koska kanava on tarkoitettu vain karaten j\u00e4senien k\u00e4ytt\u00f6\u00f6n linkki sek\u00e4 ohjeet on l\u00e4hetetty s\u00e4hk\u00f6postissa jokaiselle jaoston j\u00e4senelle.<br \/><br \/><\/p>\n<p>\u00a0<\/p>\n","protected":false},"excerpt":{"rendered":"<p>Karateharjoitukset ovat peruttu hallituksen ohjeistuksen mukaan 13.5.2020 asti tai kunnes toisin ohjeistetaan. Tiedotamme mahdollisista muutoksista. P\u00e4\u00e4timme nyt julkistaa Budokwai Karaten YouTube kanavan virtuaalista opetusta varten! Koska kanava on tarkoitettu vain karaten j\u00e4senien k\u00e4ytt\u00f6\u00f6n linkki sek\u00e4 ohjeet on l\u00e4hetetty s\u00e4hk\u00f6postissa jokaiselle jaoston j\u00e4senelle. \u00a0<\/p>\n","protected":false},"author":3,"featured_media":4031,"comment_status":"closed","ping_status":"open","sticky":false,"template":"","format":"standard","meta":{"_acf_changed":false,"_monsterinsights_skip_tracking":false,"_monsterinsights_sitenote_active":false,"_monsterinsights_sitenote_note":"","_monsterinsights_sitenote_category":0,"footnotes":""},"categories":[3],"tags":[40],"class_list":["post-4030","post","type-post","status-publish","format-standard","has-post-thumbnail","hentry","category-ajankohtaista","tag-mediat"],"acf":[],"yoast_head":"<!-- This site is optimized with the Yoast SEO plugin v27.5 - https:\/\/yoast.com\/product\/yoast-seo-wordpress\/ -->\n<title>Korona jatkaa taukoa 13.5.2020 saakka - Budokwai Karate<\/title>\n<meta name=\"robots\" content=\"index, follow, max-snippet:-1, max-image-preview:large, max-video-preview:-1\" \/>\n<link rel=\"canonical\" href=\"https:\/\/www.budokwai.fi\/karate\/2020\/03\/30\/korona-jatkaa-taukoa-13-5-2020-saakka\/\" \/>\n<meta property=\"og:locale\" content=\"fi_FI\" \/>\n<meta property=\"og:type\" content=\"article\" \/>\n<meta property=\"og:title\" content=\"Korona jatkaa taukoa 13.5.2020 saakka - Budokwai Karate\" \/>\n<meta property=\"og:description\" content=\"Karateharjoitukset ovat peruttu hallituksen ohjeistuksen mukaan 13.5.2020 asti tai kunnes toisin ohjeistetaan. Tiedotamme mahdollisista muutoksista. P\u00e4\u00e4timme nyt julkistaa Budokwai Karaten YouTube kanavan virtuaalista opetusta varten! Koska kanava on tarkoitettu vain karaten j\u00e4senien k\u00e4ytt\u00f6\u00f6n linkki sek\u00e4 ohjeet on l\u00e4hetetty s\u00e4hk\u00f6postissa jokaiselle jaoston j\u00e4senelle. \u00a0\" \/>\n<meta property=\"og:url\" content=\"https:\/\/www.budokwai.fi\/karate\/2020\/03\/30\/korona-jatkaa-taukoa-13-5-2020-saakka\/\" \/>\n<meta property=\"og:site_name\" content=\"Budokwai Karate\" \/>\n<meta property=\"article:publisher\" content=\"https:\/\/www.facebook.com\/budokwaikarateturku\/\" \/>\n<meta property=\"article:published_time\" content=\"2020-03-30T18:59:23+00:00\" \/>\n<meta property=\"article:modified_time\" content=\"2020-03-30T18:59:26+00:00\" \/>\n<meta property=\"og:image\" content=\"https:\/\/www.budokwai.fi\/karate\/wp\/wp-content\/uploads\/2020\/03\/corona2.png\" \/>\n\t<meta property=\"og:image:width\" content=\"223\" \/>\n\t<meta property=\"og:image:height\" content=\"189\" \/>\n\t<meta property=\"og:image:type\" content=\"image\/png\" \/>\n<meta name=\"author\" content=\"MikaR\" \/>\n<meta name=\"twitter:card\" content=\"summary_large_image\" \/>\n<meta name=\"twitter:label1\" content=\"Written by\" \/>\n\t<meta name=\"twitter:data1\" content=\"MikaR\" \/>\n<script type=\"application\/ld+json\" class=\"yoast-schema-graph\">{\"@context\":\"https:\\\/\\\/schema.org\",\"@graph\":[{\"@type\":\"Article\",\"@id\":\"https:\\\/\\\/www.budokwai.fi\\\/karate\\\/2020\\\/03\\\/30\\\/korona-jatkaa-taukoa-13-5-2020-saakka\\\/#article\",\"isPartOf\":{\"@id\":\"https:\\\/\\\/www.budokwai.fi\\\/karate\\\/2020\\\/03\\\/30\\\/korona-jatkaa-taukoa-13-5-2020-saakka\\\/\"},\"author\":{\"name\":\"MikaR\",\"@id\":\"https:\\\/\\\/www.budokwai.fi\\\/karate\\\/#\\\/schema\\\/person\\\/9cbc3b1c5800699bd040a7976fb54edb\"},\"headline\":\"Korona jatkaa taukoa 13.5.2020 saakka\",\"datePublished\":\"2020-03-30T18:59:23+00:00\",\"dateModified\":\"2020-03-30T18:59:26+00:00\",\"mainEntityOfPage\":{\"@id\":\"https:\\\/\\\/www.budokwai.fi\\\/karate\\\/2020\\\/03\\\/30\\\/korona-jatkaa-taukoa-13-5-2020-saakka\\\/\"},\"wordCount\":53,\"image\":{\"@id\":\"https:\\\/\\\/www.budokwai.fi\\\/karate\\\/2020\\\/03\\\/30\\\/korona-jatkaa-taukoa-13-5-2020-saakka\\\/#primaryimage\"},\"thumbnailUrl\":\"https:\\\/\\\/www.budokwai.fi\\\/karate\\\/wp\\\/wp-content\\\/uploads\\\/2020\\\/03\\\/corona2.png\",\"keywords\":[\"Mediat\"],\"articleSection\":[\"Ajankohtaista\"],\"inLanguage\":\"en-US\"},{\"@type\":\"WebPage\",\"@id\":\"https:\\\/\\\/www.budokwai.fi\\\/karate\\\/2020\\\/03\\\/30\\\/korona-jatkaa-taukoa-13-5-2020-saakka\\\/\",\"url\":\"https:\\\/\\\/www.budokwai.fi\\\/karate\\\/2020\\\/03\\\/30\\\/korona-jatkaa-taukoa-13-5-2020-saakka\\\/\",\"name\":\"Korona jatkaa taukoa 13.5.2020 saakka - Budokwai Karate\",\"isPartOf\":{\"@id\":\"https:\\\/\\\/www.budokwai.fi\\\/karate\\\/#website\"},\"primaryImageOfPage\":{\"@id\":\"https:\\\/\\\/www.budokwai.fi\\\/karate\\\/2020\\\/03\\\/30\\\/korona-jatkaa-taukoa-13-5-2020-saakka\\\/#primaryimage\"},\"image\":{\"@id\":\"https:\\\/\\\/www.budokwai.fi\\\/karate\\\/2020\\\/03\\\/30\\\/korona-jatkaa-taukoa-13-5-2020-saakka\\\/#primaryimage\"},\"thumbnailUrl\":\"https:\\\/\\\/www.budokwai.fi\\\/karate\\\/wp\\\/wp-content\\\/uploads\\\/2020\\\/03\\\/corona2.png\",\"datePublished\":\"2020-03-30T18:59:23+00:00\",\"dateModified\":\"2020-03-30T18:59:26+00:00\",\"author\":{\"@id\":\"https:\\\/\\\/www.budokwai.fi\\\/karate\\\/#\\\/schema\\\/person\\\/9cbc3b1c5800699bd040a7976fb54edb\"},\"breadcrumb\":{\"@id\":\"https:\\\/\\\/www.budokwai.fi\\\/karate\\\/2020\\\/03\\\/30\\\/korona-jatkaa-taukoa-13-5-2020-saakka\\\/#breadcrumb\"},\"inLanguage\":\"en-US\",\"potentialAction\":[{\"@type\":\"ReadAction\",\"target\":[\"https:\\\/\\\/www.budokwai.fi\\\/karate\\\/2020\\\/03\\\/30\\\/korona-jatkaa-taukoa-13-5-2020-saakka\\\/\"]}]},{\"@type\":\"ImageObject\",\"inLanguage\":\"en-US\",\"@id\":\"https:\\\/\\\/www.budokwai.fi\\\/karate\\\/2020\\\/03\\\/30\\\/korona-jatkaa-taukoa-13-5-2020-saakka\\\/#primaryimage\",\"url\":\"https:\\\/\\\/www.budokwai.fi\\\/karate\\\/wp\\\/wp-content\\\/uploads\\\/2020\\\/03\\\/corona2.png\",\"contentUrl\":\"https:\\\/\\\/www.budokwai.fi\\\/karate\\\/wp\\\/wp-content\\\/uploads\\\/2020\\\/03\\\/corona2.png\",\"width\":223,\"height\":189},{\"@type\":\"BreadcrumbList\",\"@id\":\"https:\\\/\\\/www.budokwai.fi\\\/karate\\\/2020\\\/03\\\/30\\\/korona-jatkaa-taukoa-13-5-2020-saakka\\\/#breadcrumb\",\"itemListElement\":[{\"@type\":\"ListItem\",\"position\":1,\"name\":\"Home\",\"item\":\"https:\\\/\\\/www.budokwai.fi\\\/karate\\\/\"},{\"@type\":\"ListItem\",\"position\":2,\"name\":\"Korona jatkaa taukoa 13.5.2020 saakka\"}]},{\"@type\":\"WebSite\",\"@id\":\"https:\\\/\\\/www.budokwai.fi\\\/karate\\\/#website\",\"url\":\"https:\\\/\\\/www.budokwai.fi\\\/karate\\\/\",\"name\":\"Budokwai Karate\",\"description\":\"Budokwai karate\",\"potentialAction\":[{\"@type\":\"SearchAction\",\"target\":{\"@type\":\"EntryPoint\",\"urlTemplate\":\"https:\\\/\\\/www.budokwai.fi\\\/karate\\\/?s={search_term_string}\"},\"query-input\":{\"@type\":\"PropertyValueSpecification\",\"valueRequired\":true,\"valueName\":\"search_term_string\"}}],\"inLanguage\":\"en-US\"},{\"@type\":\"Person\",\"@id\":\"https:\\\/\\\/www.budokwai.fi\\\/karate\\\/#\\\/schema\\\/person\\\/9cbc3b1c5800699bd040a7976fb54edb\",\"name\":\"MikaR\",\"image\":{\"@type\":\"ImageObject\",\"inLanguage\":\"en-US\",\"@id\":\"https:\\\/\\\/secure.gravatar.com\\\/avatar\\\/dac280e88f7e589889abeb9be1edff3d7562003cc069aca97f218ca2305055f9?s=96&d=mm&r=g\",\"url\":\"https:\\\/\\\/secure.gravatar.com\\\/avatar\\\/dac280e88f7e589889abeb9be1edff3d7562003cc069aca97f218ca2305055f9?s=96&d=mm&r=g\",\"contentUrl\":\"https:\\\/\\\/secure.gravatar.com\\\/avatar\\\/dac280e88f7e589889abeb9be1edff3d7562003cc069aca97f218ca2305055f9?s=96&d=mm&r=g\",\"caption\":\"MikaR\"},\"url\":\"https:\\\/\\\/www.budokwai.fi\\\/karate\\\/author\\\/mikar\\\/\"}]}<\/script>\n<!-- \/ Yoast SEO plugin. -->","yoast_head_json":{"title":"Korona jatkaa taukoa 13.5.2020 saakka - Budokwai Karate","robots":{"index":"index","follow":"follow","max-snippet":"max-snippet:-1","max-image-preview":"max-image-preview:large","max-video-preview":"max-video-preview:-1"},"canonical":"https:\/\/www.budokwai.fi\/karate\/2020\/03\/30\/korona-jatkaa-taukoa-13-5-2020-saakka\/","og_locale":"fi_FI","og_type":"article","og_title":"Korona jatkaa taukoa 13.5.2020 saakka - Budokwai Karate","og_description":"Karateharjoitukset ovat peruttu hallituksen ohjeistuksen mukaan 13.5.2020 asti tai kunnes toisin ohjeistetaan. Tiedotamme mahdollisista muutoksista. P\u00e4\u00e4timme nyt julkistaa Budokwai Karaten YouTube kanavan virtuaalista opetusta varten! Koska kanava on tarkoitettu vain karaten j\u00e4senien k\u00e4ytt\u00f6\u00f6n linkki sek\u00e4 ohjeet on l\u00e4hetetty s\u00e4hk\u00f6postissa jokaiselle jaoston j\u00e4senelle. \u00a0","og_url":"https:\/\/www.budokwai.fi\/karate\/2020\/03\/30\/korona-jatkaa-taukoa-13-5-2020-saakka\/","og_site_name":"Budokwai Karate","article_publisher":"https:\/\/www.facebook.com\/budokwaikarateturku\/","article_published_time":"2020-03-30T18:59:23+00:00","article_modified_time":"2020-03-30T18:59:26+00:00","og_image":[{"width":223,"height":189,"url":"https:\/\/www.budokwai.fi\/karate\/wp\/wp-content\/uploads\/2020\/03\/corona2.png","type":"image\/png"}],"author":"MikaR","twitter_card":"summary_large_image","twitter_misc":{"Written by":"MikaR"},"schema":{"@context":"https:\/\/schema.org","@graph":[{"@type":"Article","@id":"https:\/\/www.budokwai.fi\/karate\/2020\/03\/30\/korona-jatkaa-taukoa-13-5-2020-saakka\/#article","isPartOf":{"@id":"https:\/\/www.budokwai.fi\/karate\/2020\/03\/30\/korona-jatkaa-taukoa-13-5-2020-saakka\/"},"author":{"name":"MikaR","@id":"https:\/\/www.budokwai.fi\/karate\/#\/schema\/person\/9cbc3b1c5800699bd040a7976fb54edb"},"headline":"Korona jatkaa taukoa 13.5.2020 saakka","datePublished":"2020-03-30T18:59:23+00:00","dateModified":"2020-03-30T18:59:26+00:00","mainEntityOfPage":{"@id":"https:\/\/www.budokwai.fi\/karate\/2020\/03\/30\/korona-jatkaa-taukoa-13-5-2020-saakka\/"},"wordCount":53,"image":{"@id":"https:\/\/www.budokwai.fi\/karate\/2020\/03\/30\/korona-jatkaa-taukoa-13-5-2020-saakka\/#primaryimage"},"thumbnailUrl":"https:\/\/www.budokwai.fi\/karate\/wp\/wp-content\/uploads\/2020\/03\/corona2.png","keywords":["Mediat"],"articleSection":["Ajankohtaista"],"inLanguage":"en-US"},{"@type":"WebPage","@id":"https:\/\/www.budokwai.fi\/karate\/2020\/03\/30\/korona-jatkaa-taukoa-13-5-2020-saakka\/","url":"https:\/\/www.budokwai.fi\/karate\/2020\/03\/30\/korona-jatkaa-taukoa-13-5-2020-saakka\/","name":"Korona jatkaa taukoa 13.5.2020 saakka - Budokwai Karate","isPartOf":{"@id":"https:\/\/www.budokwai.fi\/karate\/#website"},"primaryImageOfPage":{"@id":"https:\/\/www.budokwai.fi\/karate\/2020\/03\/30\/korona-jatkaa-taukoa-13-5-2020-saakka\/#primaryimage"},"image":{"@id":"https:\/\/www.budokwai.fi\/karate\/2020\/03\/30\/korona-jatkaa-taukoa-13-5-2020-saakka\/#primaryimage"},"thumbnailUrl":"https:\/\/www.budokwai.fi\/karate\/wp\/wp-content\/uploads\/2020\/03\/corona2.png","datePublished":"2020-03-30T18:59:23+00:00","dateModified":"2020-03-30T18:59:26+00:00","author":{"@id":"https:\/\/www.budokwai.fi\/karate\/#\/schema\/person\/9cbc3b1c5800699bd040a7976fb54edb"},"breadcrumb":{"@id":"https:\/\/www.budokwai.fi\/karate\/2020\/03\/30\/korona-jatkaa-taukoa-13-5-2020-saakka\/#breadcrumb"},"inLanguage":"en-US","potentialAction":[{"@type":"ReadAction","target":["https:\/\/www.budokwai.fi\/karate\/2020\/03\/30\/korona-jatkaa-taukoa-13-5-2020-saakka\/"]}]},{"@type":"ImageObject","inLanguage":"en-US","@id":"https:\/\/www.budokwai.fi\/karate\/2020\/03\/30\/korona-jatkaa-taukoa-13-5-2020-saakka\/#primaryimage","url":"https:\/\/www.budokwai.fi\/karate\/wp\/wp-content\/uploads\/2020\/03\/corona2.png","contentUrl":"https:\/\/www.budokwai.fi\/karate\/wp\/wp-content\/uploads\/2020\/03\/corona2.png","width":223,"height":189},{"@type":"BreadcrumbList","@id":"https:\/\/www.budokwai.fi\/karate\/2020\/03\/30\/korona-jatkaa-taukoa-13-5-2020-saakka\/#breadcrumb","itemListElement":[{"@type":"ListItem","position":1,"name":"Home","item":"https:\/\/www.budokwai.fi\/karate\/"},{"@type":"ListItem","position":2,"name":"Korona jatkaa taukoa 13.5.2020 saakka"}]},{"@type":"WebSite","@id":"https:\/\/www.budokwai.fi\/karate\/#website","url":"https:\/\/www.budokwai.fi\/karate\/","name":"Budokwai Karate","description":"Budokwai karate","potentialAction":[{"@type":"SearchAction","target":{"@type":"EntryPoint","urlTemplate":"https:\/\/www.budokwai.fi\/karate\/?s={search_term_string}"},"query-input":{"@type":"PropertyValueSpecification","valueRequired":true,"valueName":"search_term_string"}}],"inLanguage":"en-US"},{"@type":"Person","@id":"https:\/\/www.budokwai.fi\/karate\/#\/schema\/person\/9cbc3b1c5800699bd040a7976fb54edb","name":"MikaR","image":{"@type":"ImageObject","inLanguage":"en-US","@id":"https:\/\/secure.gravatar.com\/avatar\/dac280e88f7e589889abeb9be1edff3d7562003cc069aca97f218ca2305055f9?s=96&d=mm&r=g","url":"https:\/\/secure.gravatar.com\/avatar\/dac280e88f7e589889abeb9be1edff3d7562003cc069aca97f218ca2305055f9?s=96&d=mm&r=g","contentUrl":"https:\/\/secure.gravatar.com\/avatar\/dac280e88f7e589889abeb9be1edff3d7562003cc069aca97f218ca2305055f9?s=96&d=mm&r=g","caption":"MikaR"},"url":"https:\/\/www.budokwai.fi\/karate\/author\/mikar\/"}]}},"_links":{"self":[{"href":"https:\/\/www.budokwai.fi\/karate\/wp-json\/wp\/v2\/posts\/4030","targetHints":{"allow":["GET"]}}],"collection":[{"href":"https:\/\/www.budokwai.fi\/karate\/wp-json\/wp\/v2\/posts"}],"about":[{"href":"https:\/\/www.budokwai.fi\/karate\/wp-json\/wp\/v2\/types\/post"}],"author":[{"embeddable":true,"href":"https:\/\/www.budokwai.fi\/karate\/wp-json\/wp\/v2\/users\/3"}],"replies":[{"embeddable":true,"href":"https:\/\/www.budokwai.fi\/karate\/wp-json\/wp\/v2\/comments?post=4030"}],"version-history":[{"count":1,"href":"https:\/\/www.budokwai.fi\/karate\/wp-json\/wp\/v2\/posts\/4030\/revisions"}],"predecessor-version":[{"id":4032,"href":"https:\/\/www.budokwai.fi\/karate\/wp-json\/wp\/v2\/posts\/4030\/revisions\/4032"}],"wp:featuredmedia":[{"embeddable":true,"href":"https:\/\/www.budokwai.fi\/karate\/wp-json\/wp\/v2\/media\/4031"}],"wp:attachment":[{"href":"https:\/\/www.budokwai.fi\/karate\/wp-json\/wp\/v2\/media?parent=4030"}],"wp:term":[{"taxonomy":"category","embeddable":true,"href":"https:\/\/www.budokwai.fi\/karate\/wp-json\/wp\/v2\/categories?post=4030"},{"taxonomy":"post_tag","embeddable":true,"href":"https:\/\/www.budokwai.fi\/karate\/wp-json\/wp\/v2\/tags?post=4030"}],"curies":[{"name":"wp","href":"https:\/\/api.w.org\/{rel}","templated":true}]}}