{"id":4023,"date":"2020-03-12T17:59:34","date_gmt":"2020-03-12T15:59:34","guid":{"rendered":"http:\/\/www.budokwai.fi\/karate\/?p=4023"},"modified":"2020-03-12T20:12:38","modified_gmt":"2020-03-12T18:12:38","slug":"koronaviruksen-vaikutus","status":"publish","type":"post","link":"https:\/\/www.budokwai.fi\/karate\/2020\/03\/12\/koronaviruksen-vaikutus\/","title":{"rendered":"Koronaviruksesta johtuen kaikki harjoitukset peruttu ti 31.3. saakka."},"content":{"rendered":"\n<p>Budokwai Karate peruu <strong>kaikki<\/strong> harjoitukset koronavirus tilanteen johdosta ajalla pe 12.3. &#8211; ti 31.3.2020. Eli harjoitusten peruuntuminen astuu voimaan v\u00e4litt\u00f6m\u00e4sti.<\/p>\n<p>T\u00e4ss\u00e4 linkki Karateliiton tiedotteeseen aiheesta:<br \/><a href=\"https:\/\/karateliitto.fi\/fi\/uutiset\/karateliiton-ohjeistus-koskien-kansainvalista-koronavirusepidemiaa\/\" target=\"_blank\" rel=\"noopener noreferrer\">https:\/\/karateliitto.fi\/fi\/uutiset\/karateliiton-ohjeistus-koskien-kansainvalista-koronavirusepidemiaa\/<\/a><\/p>\n<p>\u00a0<\/p>\n<p>\u00a0<\/p>\n<p>\u00a0<\/p>\n","protected":false},"excerpt":{"rendered":"<p>Budokwai Karate peruu kaikki harjoitukset koronavirus tilanteen johdosta ajalla pe 12.3. &#8211; ti 31.3.2020. Eli harjoitusten peruuntuminen astuu voimaan v\u00e4litt\u00f6m\u00e4sti. T\u00e4ss\u00e4 linkki Karateliiton tiedotteeseen aiheesta:https:\/\/karateliitto.fi\/fi\/uutiset\/karateliiton-ohjeistus-koskien-kansainvalista-koronavirusepidemiaa\/ \u00a0 \u00a0 \u00a0<\/p>\n","protected":false},"author":3,"featured_media":4025,"comment_status":"closed","ping_status":"open","sticky":false,"template":"","format":"standard","meta":{"_acf_changed":false,"_monsterinsights_skip_tracking":false,"_monsterinsights_sitenote_active":false,"_monsterinsights_sitenote_note":"","_monsterinsights_sitenote_category":0,"footnotes":""},"categories":[1],"tags":[49],"class_list":["post-4023","post","type-post","status-publish","format-standard","has-post-thumbnail","hentry","category-yleinen","tag-korona"],"acf":[],"yoast_head":"<!-- This site is optimized with the Yoast SEO plugin v27.5 - https:\/\/yoast.com\/product\/yoast-seo-wordpress\/ -->\n<title>Koronaviruksesta johtuen kaikki harjoitukset peruttu ti 31.3. saakka. - Budokwai Karate<\/title>\n<meta name=\"robots\" content=\"index, follow, max-snippet:-1, max-image-preview:large, max-video-preview:-1\" \/>\n<link rel=\"canonical\" href=\"https:\/\/www.budokwai.fi\/karate\/2020\/03\/12\/koronaviruksen-vaikutus\/\" \/>\n<meta property=\"og:locale\" content=\"fi_FI\" \/>\n<meta property=\"og:type\" content=\"article\" \/>\n<meta property=\"og:title\" content=\"Koronaviruksesta johtuen kaikki harjoitukset peruttu ti 31.3. saakka. - Budokwai Karate\" \/>\n<meta property=\"og:description\" content=\"Budokwai Karate peruu kaikki harjoitukset koronavirus tilanteen johdosta ajalla pe 12.3. &#8211; ti 31.3.2020. Eli harjoitusten peruuntuminen astuu voimaan v\u00e4litt\u00f6m\u00e4sti. T\u00e4ss\u00e4 linkki Karateliiton tiedotteeseen aiheesta:https:\/\/karateliitto.fi\/fi\/uutiset\/karateliiton-ohjeistus-koskien-kansainvalista-koronavirusepidemiaa\/ \u00a0 \u00a0 \u00a0\" \/>\n<meta property=\"og:url\" content=\"https:\/\/www.budokwai.fi\/karate\/2020\/03\/12\/koronaviruksen-vaikutus\/\" \/>\n<meta property=\"og:site_name\" content=\"Budokwai Karate\" \/>\n<meta property=\"article:publisher\" content=\"https:\/\/www.facebook.com\/budokwaikarateturku\/\" \/>\n<meta property=\"article:published_time\" content=\"2020-03-12T15:59:34+00:00\" \/>\n<meta property=\"article:modified_time\" content=\"2020-03-12T18:12:38+00:00\" \/>\n<meta property=\"og:image\" content=\"https:\/\/www.budokwai.fi\/karate\/wp\/wp-content\/uploads\/2020\/03\/Corona1.png\" \/>\n\t<meta property=\"og:image:width\" content=\"481\" \/>\n\t<meta property=\"og:image:height\" content=\"353\" \/>\n\t<meta property=\"og:image:type\" content=\"image\/png\" \/>\n<meta name=\"author\" content=\"MikaR\" \/>\n<meta name=\"twitter:card\" content=\"summary_large_image\" \/>\n<meta name=\"twitter:label1\" content=\"Written by\" \/>\n\t<meta name=\"twitter:data1\" content=\"MikaR\" \/>\n<script type=\"application\/ld+json\" class=\"yoast-schema-graph\">{\"@context\":\"https:\\\/\\\/schema.org\",\"@graph\":[{\"@type\":\"Article\",\"@id\":\"https:\\\/\\\/www.budokwai.fi\\\/karate\\\/2020\\\/03\\\/12\\\/koronaviruksen-vaikutus\\\/#article\",\"isPartOf\":{\"@id\":\"https:\\\/\\\/www.budokwai.fi\\\/karate\\\/2020\\\/03\\\/12\\\/koronaviruksen-vaikutus\\\/\"},\"author\":{\"name\":\"MikaR\",\"@id\":\"https:\\\/\\\/www.budokwai.fi\\\/karate\\\/#\\\/schema\\\/person\\\/9cbc3b1c5800699bd040a7976fb54edb\"},\"headline\":\"Koronaviruksesta johtuen kaikki harjoitukset peruttu ti 31.3. saakka.\",\"datePublished\":\"2020-03-12T15:59:34+00:00\",\"dateModified\":\"2020-03-12T18:12:38+00:00\",\"mainEntityOfPage\":{\"@id\":\"https:\\\/\\\/www.budokwai.fi\\\/karate\\\/2020\\\/03\\\/12\\\/koronaviruksen-vaikutus\\\/\"},\"wordCount\":40,\"image\":{\"@id\":\"https:\\\/\\\/www.budokwai.fi\\\/karate\\\/2020\\\/03\\\/12\\\/koronaviruksen-vaikutus\\\/#primaryimage\"},\"thumbnailUrl\":\"https:\\\/\\\/www.budokwai.fi\\\/karate\\\/wp\\\/wp-content\\\/uploads\\\/2020\\\/03\\\/Corona1.png\",\"keywords\":[\"korona\"],\"articleSection\":[\"Yleinen\"],\"inLanguage\":\"en-US\"},{\"@type\":\"WebPage\",\"@id\":\"https:\\\/\\\/www.budokwai.fi\\\/karate\\\/2020\\\/03\\\/12\\\/koronaviruksen-vaikutus\\\/\",\"url\":\"https:\\\/\\\/www.budokwai.fi\\\/karate\\\/2020\\\/03\\\/12\\\/koronaviruksen-vaikutus\\\/\",\"name\":\"Koronaviruksesta johtuen kaikki harjoitukset peruttu ti 31.3. saakka. - Budokwai Karate\",\"isPartOf\":{\"@id\":\"https:\\\/\\\/www.budokwai.fi\\\/karate\\\/#website\"},\"primaryImageOfPage\":{\"@id\":\"https:\\\/\\\/www.budokwai.fi\\\/karate\\\/2020\\\/03\\\/12\\\/koronaviruksen-vaikutus\\\/#primaryimage\"},\"image\":{\"@id\":\"https:\\\/\\\/www.budokwai.fi\\\/karate\\\/2020\\\/03\\\/12\\\/koronaviruksen-vaikutus\\\/#primaryimage\"},\"thumbnailUrl\":\"https:\\\/\\\/www.budokwai.fi\\\/karate\\\/wp\\\/wp-content\\\/uploads\\\/2020\\\/03\\\/Corona1.png\",\"datePublished\":\"2020-03-12T15:59:34+00:00\",\"dateModified\":\"2020-03-12T18:12:38+00:00\",\"author\":{\"@id\":\"https:\\\/\\\/www.budokwai.fi\\\/karate\\\/#\\\/schema\\\/person\\\/9cbc3b1c5800699bd040a7976fb54edb\"},\"breadcrumb\":{\"@id\":\"https:\\\/\\\/www.budokwai.fi\\\/karate\\\/2020\\\/03\\\/12\\\/koronaviruksen-vaikutus\\\/#breadcrumb\"},\"inLanguage\":\"en-US\",\"potentialAction\":[{\"@type\":\"ReadAction\",\"target\":[\"https:\\\/\\\/www.budokwai.fi\\\/karate\\\/2020\\\/03\\\/12\\\/koronaviruksen-vaikutus\\\/\"]}]},{\"@type\":\"ImageObject\",\"inLanguage\":\"en-US\",\"@id\":\"https:\\\/\\\/www.budokwai.fi\\\/karate\\\/2020\\\/03\\\/12\\\/koronaviruksen-vaikutus\\\/#primaryimage\",\"url\":\"https:\\\/\\\/www.budokwai.fi\\\/karate\\\/wp\\\/wp-content\\\/uploads\\\/2020\\\/03\\\/Corona1.png\",\"contentUrl\":\"https:\\\/\\\/www.budokwai.fi\\\/karate\\\/wp\\\/wp-content\\\/uploads\\\/2020\\\/03\\\/Corona1.png\",\"width\":481,\"height\":353},{\"@type\":\"BreadcrumbList\",\"@id\":\"https:\\\/\\\/www.budokwai.fi\\\/karate\\\/2020\\\/03\\\/12\\\/koronaviruksen-vaikutus\\\/#breadcrumb\",\"itemListElement\":[{\"@type\":\"ListItem\",\"position\":1,\"name\":\"Home\",\"item\":\"https:\\\/\\\/www.budokwai.fi\\\/karate\\\/\"},{\"@type\":\"ListItem\",\"position\":2,\"name\":\"Koronaviruksesta johtuen kaikki harjoitukset peruttu ti 31.3. saakka.\"}]},{\"@type\":\"WebSite\",\"@id\":\"https:\\\/\\\/www.budokwai.fi\\\/karate\\\/#website\",\"url\":\"https:\\\/\\\/www.budokwai.fi\\\/karate\\\/\",\"name\":\"Budokwai Karate\",\"description\":\"Budokwai karate\",\"potentialAction\":[{\"@type\":\"SearchAction\",\"target\":{\"@type\":\"EntryPoint\",\"urlTemplate\":\"https:\\\/\\\/www.budokwai.fi\\\/karate\\\/?s={search_term_string}\"},\"query-input\":{\"@type\":\"PropertyValueSpecification\",\"valueRequired\":true,\"valueName\":\"search_term_string\"}}],\"inLanguage\":\"en-US\"},{\"@type\":\"Person\",\"@id\":\"https:\\\/\\\/www.budokwai.fi\\\/karate\\\/#\\\/schema\\\/person\\\/9cbc3b1c5800699bd040a7976fb54edb\",\"name\":\"MikaR\",\"image\":{\"@type\":\"ImageObject\",\"inLanguage\":\"en-US\",\"@id\":\"https:\\\/\\\/secure.gravatar.com\\\/avatar\\\/dac280e88f7e589889abeb9be1edff3d7562003cc069aca97f218ca2305055f9?s=96&d=mm&r=g\",\"url\":\"https:\\\/\\\/secure.gravatar.com\\\/avatar\\\/dac280e88f7e589889abeb9be1edff3d7562003cc069aca97f218ca2305055f9?s=96&d=mm&r=g\",\"contentUrl\":\"https:\\\/\\\/secure.gravatar.com\\\/avatar\\\/dac280e88f7e589889abeb9be1edff3d7562003cc069aca97f218ca2305055f9?s=96&d=mm&r=g\",\"caption\":\"MikaR\"},\"url\":\"https:\\\/\\\/www.budokwai.fi\\\/karate\\\/author\\\/mikar\\\/\"}]}<\/script>\n<!-- \/ Yoast SEO plugin. -->","yoast_head_json":{"title":"Koronaviruksesta johtuen kaikki harjoitukset peruttu ti 31.3. saakka. - Budokwai Karate","robots":{"index":"index","follow":"follow","max-snippet":"max-snippet:-1","max-image-preview":"max-image-preview:large","max-video-preview":"max-video-preview:-1"},"canonical":"https:\/\/www.budokwai.fi\/karate\/2020\/03\/12\/koronaviruksen-vaikutus\/","og_locale":"fi_FI","og_type":"article","og_title":"Koronaviruksesta johtuen kaikki harjoitukset peruttu ti 31.3. saakka. - Budokwai Karate","og_description":"Budokwai Karate peruu kaikki harjoitukset koronavirus tilanteen johdosta ajalla pe 12.3. &#8211; ti 31.3.2020. Eli harjoitusten peruuntuminen astuu voimaan v\u00e4litt\u00f6m\u00e4sti. T\u00e4ss\u00e4 linkki Karateliiton tiedotteeseen aiheesta:https:\/\/karateliitto.fi\/fi\/uutiset\/karateliiton-ohjeistus-koskien-kansainvalista-koronavirusepidemiaa\/ \u00a0 \u00a0 \u00a0","og_url":"https:\/\/www.budokwai.fi\/karate\/2020\/03\/12\/koronaviruksen-vaikutus\/","og_site_name":"Budokwai Karate","article_publisher":"https:\/\/www.facebook.com\/budokwaikarateturku\/","article_published_time":"2020-03-12T15:59:34+00:00","article_modified_time":"2020-03-12T18:12:38+00:00","og_image":[{"width":481,"height":353,"url":"https:\/\/www.budokwai.fi\/karate\/wp\/wp-content\/uploads\/2020\/03\/Corona1.png","type":"image\/png"}],"author":"MikaR","twitter_card":"summary_large_image","twitter_misc":{"Written by":"MikaR"},"schema":{"@context":"https:\/\/schema.org","@graph":[{"@type":"Article","@id":"https:\/\/www.budokwai.fi\/karate\/2020\/03\/12\/koronaviruksen-vaikutus\/#article","isPartOf":{"@id":"https:\/\/www.budokwai.fi\/karate\/2020\/03\/12\/koronaviruksen-vaikutus\/"},"author":{"name":"MikaR","@id":"https:\/\/www.budokwai.fi\/karate\/#\/schema\/person\/9cbc3b1c5800699bd040a7976fb54edb"},"headline":"Koronaviruksesta johtuen kaikki harjoitukset peruttu ti 31.3. saakka.","datePublished":"2020-03-12T15:59:34+00:00","dateModified":"2020-03-12T18:12:38+00:00","mainEntityOfPage":{"@id":"https:\/\/www.budokwai.fi\/karate\/2020\/03\/12\/koronaviruksen-vaikutus\/"},"wordCount":40,"image":{"@id":"https:\/\/www.budokwai.fi\/karate\/2020\/03\/12\/koronaviruksen-vaikutus\/#primaryimage"},"thumbnailUrl":"https:\/\/www.budokwai.fi\/karate\/wp\/wp-content\/uploads\/2020\/03\/Corona1.png","keywords":["korona"],"articleSection":["Yleinen"],"inLanguage":"en-US"},{"@type":"WebPage","@id":"https:\/\/www.budokwai.fi\/karate\/2020\/03\/12\/koronaviruksen-vaikutus\/","url":"https:\/\/www.budokwai.fi\/karate\/2020\/03\/12\/koronaviruksen-vaikutus\/","name":"Koronaviruksesta johtuen kaikki harjoitukset peruttu ti 31.3. saakka. - Budokwai Karate","isPartOf":{"@id":"https:\/\/www.budokwai.fi\/karate\/#website"},"primaryImageOfPage":{"@id":"https:\/\/www.budokwai.fi\/karate\/2020\/03\/12\/koronaviruksen-vaikutus\/#primaryimage"},"image":{"@id":"https:\/\/www.budokwai.fi\/karate\/2020\/03\/12\/koronaviruksen-vaikutus\/#primaryimage"},"thumbnailUrl":"https:\/\/www.budokwai.fi\/karate\/wp\/wp-content\/uploads\/2020\/03\/Corona1.png","datePublished":"2020-03-12T15:59:34+00:00","dateModified":"2020-03-12T18:12:38+00:00","author":{"@id":"https:\/\/www.budokwai.fi\/karate\/#\/schema\/person\/9cbc3b1c5800699bd040a7976fb54edb"},"breadcrumb":{"@id":"https:\/\/www.budokwai.fi\/karate\/2020\/03\/12\/koronaviruksen-vaikutus\/#breadcrumb"},"inLanguage":"en-US","potentialAction":[{"@type":"ReadAction","target":["https:\/\/www.budokwai.fi\/karate\/2020\/03\/12\/koronaviruksen-vaikutus\/"]}]},{"@type":"ImageObject","inLanguage":"en-US","@id":"https:\/\/www.budokwai.fi\/karate\/2020\/03\/12\/koronaviruksen-vaikutus\/#primaryimage","url":"https:\/\/www.budokwai.fi\/karate\/wp\/wp-content\/uploads\/2020\/03\/Corona1.png","contentUrl":"https:\/\/www.budokwai.fi\/karate\/wp\/wp-content\/uploads\/2020\/03\/Corona1.png","width":481,"height":353},{"@type":"BreadcrumbList","@id":"https:\/\/www.budokwai.fi\/karate\/2020\/03\/12\/koronaviruksen-vaikutus\/#breadcrumb","itemListElement":[{"@type":"ListItem","position":1,"name":"Home","item":"https:\/\/www.budokwai.fi\/karate\/"},{"@type":"ListItem","position":2,"name":"Koronaviruksesta johtuen kaikki harjoitukset peruttu ti 31.3. saakka."}]},{"@type":"WebSite","@id":"https:\/\/www.budokwai.fi\/karate\/#website","url":"https:\/\/www.budokwai.fi\/karate\/","name":"Budokwai Karate","description":"Budokwai karate","potentialAction":[{"@type":"SearchAction","target":{"@type":"EntryPoint","urlTemplate":"https:\/\/www.budokwai.fi\/karate\/?s={search_term_string}"},"query-input":{"@type":"PropertyValueSpecification","valueRequired":true,"valueName":"search_term_string"}}],"inLanguage":"en-US"},{"@type":"Person","@id":"https:\/\/www.budokwai.fi\/karate\/#\/schema\/person\/9cbc3b1c5800699bd040a7976fb54edb","name":"MikaR","image":{"@type":"ImageObject","inLanguage":"en-US","@id":"https:\/\/secure.gravatar.com\/avatar\/dac280e88f7e589889abeb9be1edff3d7562003cc069aca97f218ca2305055f9?s=96&d=mm&r=g","url":"https:\/\/secure.gravatar.com\/avatar\/dac280e88f7e589889abeb9be1edff3d7562003cc069aca97f218ca2305055f9?s=96&d=mm&r=g","contentUrl":"https:\/\/secure.gravatar.com\/avatar\/dac280e88f7e589889abeb9be1edff3d7562003cc069aca97f218ca2305055f9?s=96&d=mm&r=g","caption":"MikaR"},"url":"https:\/\/www.budokwai.fi\/karate\/author\/mikar\/"}]}},"_links":{"self":[{"href":"https:\/\/www.budokwai.fi\/karate\/wp-json\/wp\/v2\/posts\/4023","targetHints":{"allow":["GET"]}}],"collection":[{"href":"https:\/\/www.budokwai.fi\/karate\/wp-json\/wp\/v2\/posts"}],"about":[{"href":"https:\/\/www.budokwai.fi\/karate\/wp-json\/wp\/v2\/types\/post"}],"author":[{"embeddable":true,"href":"https:\/\/www.budokwai.fi\/karate\/wp-json\/wp\/v2\/users\/3"}],"replies":[{"embeddable":true,"href":"https:\/\/www.budokwai.fi\/karate\/wp-json\/wp\/v2\/comments?post=4023"}],"version-history":[{"count":3,"href":"https:\/\/www.budokwai.fi\/karate\/wp-json\/wp\/v2\/posts\/4023\/revisions"}],"predecessor-version":[{"id":4028,"href":"https:\/\/www.budokwai.fi\/karate\/wp-json\/wp\/v2\/posts\/4023\/revisions\/4028"}],"wp:featuredmedia":[{"embeddable":true,"href":"https:\/\/www.budokwai.fi\/karate\/wp-json\/wp\/v2\/media\/4025"}],"wp:attachment":[{"href":"https:\/\/www.budokwai.fi\/karate\/wp-json\/wp\/v2\/media?parent=4023"}],"wp:term":[{"taxonomy":"category","embeddable":true,"href":"https:\/\/www.budokwai.fi\/karate\/wp-json\/wp\/v2\/categories?post=4023"},{"taxonomy":"post_tag","embeddable":true,"href":"https:\/\/www.budokwai.fi\/karate\/wp-json\/wp\/v2\/tags?post=4023"}],"curies":[{"name":"wp","href":"https:\/\/api.w.org\/{rel}","templated":true}]}}