{"id":3921,"date":"2019-08-13T21:53:43","date_gmt":"2019-08-13T18:53:43","guid":{"rendered":"http:\/\/www.budokwai.fi\/karate\/?p=3921"},"modified":"2019-08-13T21:53:45","modified_gmt":"2019-08-13T18:53:45","slug":"harjoitukset-kaynnistyvat","status":"publish","type":"post","link":"https:\/\/www.budokwai.fi\/karate\/2019\/08\/13\/harjoitukset-kaynnistyvat\/","title":{"rendered":"Harjoitukset k\u00e4ynnistyv\u00e4t"},"content":{"rendered":"\n<p><strong><span style=\"text-decoration: underline;\">Aikuiset<\/span><\/strong><br>Vanhat harjoittelijat:  <br>harjoitukset ovat jo k\u00e4ynnistyneet:  ma 19.00-20.30 sek\u00e4 ke 18.30-20.00.<br><br><a rel=\"noreferrer noopener\" aria-label=\"Uusien harjoittelijoiden peruskurssi (opens in a new tab)\" href=\"http:\/\/www.budokwai.fi\/karate\/aikuisten-peruskurssi\/\" target=\"_blank\">Uusien harjoittelijoiden peruskurssi<\/a> alkaa ma 2.9.2019 klo 20.15.<br><br><strong><span style=\"text-decoration: underline;\">Lapset ja Nuoret<\/span><\/strong><br>Vanhat harjoittelijat: kauden aloitus sunnuntaina 18.8.2019.<br>Jatkoryhm\u00e4 1 (Jarkko) klo 16.15.<br>Jatkoryhm\u00e4 2 (Ismo) klo 17.30.<br>YFC aloittaa torstaina 5.9. klo 18.00<br><br>Muut ryhm\u00e4t:<br><a rel=\"noreferrer noopener\" aria-label=\"Perhebudo  (opens in a new tab)\" href=\"http:\/\/www.budokwai.fi\/karate\/perhebudo\/\" target=\"_blank\">Perhebudo <\/a>aloittaa ti 20.8.2019 klo 17.30 ja klo 18.15. <br><a rel=\"noreferrer noopener\" aria-label=\"KarateKids (opens in a new tab)\" href=\"http:\/\/www.budokwai.fi\/karate\/karatekids-5-6v-kurssi\/\" target=\"_blank\">KarateKids<\/a> aloittaa pe 23.8.2019 klo 17.30.<br>Uusi <a rel=\"noreferrer noopener\" aria-label=\"Lasten ja Nuorten Peruskurssi  (opens in a new tab)\" href=\"http:\/\/www.budokwai.fi\/karate\/lasten-7-14v-peruskurssi\/\" target=\"_blank\">Lasten ja Nuorten Peruskurssi <\/a>alkaa pe 23.8.2019 klo 18.15.<br><br><br><\/p>\n","protected":false},"excerpt":{"rendered":"<p>AikuisetVanhat harjoittelijat: harjoitukset ovat jo k\u00e4ynnistyneet: ma 19.00-20.30 sek\u00e4 ke 18.30-20.00. Uusien harjoittelijoiden peruskurssi alkaa ma 2.9.2019 klo 20.15. Lapset ja NuoretVanhat harjoittelijat: kauden aloitus sunnuntaina 18.8.2019.Jatkoryhm\u00e4 1 (Jarkko) klo 16.15.Jatkoryhm\u00e4 2 (Ismo) klo 17.30.YFC aloittaa torstaina 5.9. klo 18.00 Muut ryhm\u00e4t:Perhebudo aloittaa ti 20.8.2019 klo 17.30 ja klo 18.15. KarateKids aloittaa pe 23.8.2019 klo&#8230;  <a class=\"excerpt-read-more\" href=\"https:\/\/www.budokwai.fi\/karate\/2019\/08\/13\/harjoitukset-kaynnistyvat\/\" title=\"Harjoitukset k\u00e4ynnistyv\u00e4t\">Lue lis\u00e4\u00e4 &raquo;<\/a><\/p>\n","protected":false},"author":3,"featured_media":3556,"comment_status":"closed","ping_status":"open","sticky":false,"template":"","format":"standard","meta":{"_acf_changed":false,"_monsterinsights_skip_tracking":false,"_monsterinsights_sitenote_active":false,"_monsterinsights_sitenote_note":"","_monsterinsights_sitenote_category":0,"footnotes":""},"categories":[3],"tags":[7,13,34],"class_list":["post-3921","post","type-post","status-publish","format-standard","has-post-thumbnail","hentry","category-ajankohtaista","tag-harjoitusajat","tag-peruskurssi","tag-peruskurssit"],"acf":[],"yoast_head":"<!-- This site is optimized with the Yoast SEO plugin v27.5 - https:\/\/yoast.com\/product\/yoast-seo-wordpress\/ -->\n<title>Harjoitukset k\u00e4ynnistyv\u00e4t - Budokwai Karate<\/title>\n<meta name=\"robots\" content=\"index, follow, max-snippet:-1, max-image-preview:large, max-video-preview:-1\" \/>\n<link rel=\"canonical\" href=\"https:\/\/www.budokwai.fi\/karate\/2019\/08\/13\/harjoitukset-kaynnistyvat\/\" \/>\n<meta property=\"og:locale\" content=\"fi_FI\" \/>\n<meta property=\"og:type\" content=\"article\" \/>\n<meta property=\"og:title\" content=\"Harjoitukset k\u00e4ynnistyv\u00e4t - Budokwai Karate\" \/>\n<meta property=\"og:description\" content=\"AikuisetVanhat harjoittelijat: harjoitukset ovat jo k\u00e4ynnistyneet: ma 19.00-20.30 sek\u00e4 ke 18.30-20.00. Uusien harjoittelijoiden peruskurssi alkaa ma 2.9.2019 klo 20.15. Lapset ja NuoretVanhat harjoittelijat: kauden aloitus sunnuntaina 18.8.2019.Jatkoryhm\u00e4 1 (Jarkko) klo 16.15.Jatkoryhm\u00e4 2 (Ismo) klo 17.30.YFC aloittaa torstaina 5.9. klo 18.00 Muut ryhm\u00e4t:Perhebudo aloittaa ti 20.8.2019 klo 17.30 ja klo 18.15. KarateKids aloittaa pe 23.8.2019 klo... Lue lis\u00e4\u00e4 &raquo;\" \/>\n<meta property=\"og:url\" content=\"https:\/\/www.budokwai.fi\/karate\/2019\/08\/13\/harjoitukset-kaynnistyvat\/\" \/>\n<meta property=\"og:site_name\" content=\"Budokwai Karate\" \/>\n<meta property=\"article:publisher\" content=\"https:\/\/www.facebook.com\/budokwaikarateturku\/\" \/>\n<meta property=\"article:published_time\" content=\"2019-08-13T18:53:43+00:00\" \/>\n<meta property=\"article:modified_time\" content=\"2019-08-13T18:53:45+00:00\" \/>\n<meta property=\"og:image\" content=\"https:\/\/www.budokwai.fi\/karate\/wp\/wp-content\/uploads\/2018\/05\/karate_kids_2018.png\" \/>\n\t<meta property=\"og:image:width\" content=\"204\" \/>\n\t<meta property=\"og:image:height\" content=\"276\" \/>\n\t<meta property=\"og:image:type\" content=\"image\/png\" \/>\n<meta name=\"author\" content=\"MikaR\" \/>\n<meta name=\"twitter:card\" content=\"summary_large_image\" \/>\n<meta name=\"twitter:label1\" content=\"Written by\" \/>\n\t<meta name=\"twitter:data1\" content=\"MikaR\" \/>\n<script type=\"application\/ld+json\" class=\"yoast-schema-graph\">{\"@context\":\"https:\\\/\\\/schema.org\",\"@graph\":[{\"@type\":\"Article\",\"@id\":\"https:\\\/\\\/www.budokwai.fi\\\/karate\\\/2019\\\/08\\\/13\\\/harjoitukset-kaynnistyvat\\\/#article\",\"isPartOf\":{\"@id\":\"https:\\\/\\\/www.budokwai.fi\\\/karate\\\/2019\\\/08\\\/13\\\/harjoitukset-kaynnistyvat\\\/\"},\"author\":{\"name\":\"MikaR\",\"@id\":\"https:\\\/\\\/www.budokwai.fi\\\/karate\\\/#\\\/schema\\\/person\\\/9cbc3b1c5800699bd040a7976fb54edb\"},\"headline\":\"Harjoitukset k\u00e4ynnistyv\u00e4t\",\"datePublished\":\"2019-08-13T18:53:43+00:00\",\"dateModified\":\"2019-08-13T18:53:45+00:00\",\"mainEntityOfPage\":{\"@id\":\"https:\\\/\\\/www.budokwai.fi\\\/karate\\\/2019\\\/08\\\/13\\\/harjoitukset-kaynnistyvat\\\/\"},\"wordCount\":62,\"image\":{\"@id\":\"https:\\\/\\\/www.budokwai.fi\\\/karate\\\/2019\\\/08\\\/13\\\/harjoitukset-kaynnistyvat\\\/#primaryimage\"},\"thumbnailUrl\":\"https:\\\/\\\/www.budokwai.fi\\\/karate\\\/wp\\\/wp-content\\\/uploads\\\/2018\\\/05\\\/karate_kids_2018.png\",\"keywords\":[\"Harjoitusajat\",\"Peruskurssi\",\"peruskurssit\"],\"articleSection\":[\"Ajankohtaista\"],\"inLanguage\":\"en-US\"},{\"@type\":\"WebPage\",\"@id\":\"https:\\\/\\\/www.budokwai.fi\\\/karate\\\/2019\\\/08\\\/13\\\/harjoitukset-kaynnistyvat\\\/\",\"url\":\"https:\\\/\\\/www.budokwai.fi\\\/karate\\\/2019\\\/08\\\/13\\\/harjoitukset-kaynnistyvat\\\/\",\"name\":\"Harjoitukset k\u00e4ynnistyv\u00e4t - Budokwai Karate\",\"isPartOf\":{\"@id\":\"https:\\\/\\\/www.budokwai.fi\\\/karate\\\/#website\"},\"primaryImageOfPage\":{\"@id\":\"https:\\\/\\\/www.budokwai.fi\\\/karate\\\/2019\\\/08\\\/13\\\/harjoitukset-kaynnistyvat\\\/#primaryimage\"},\"image\":{\"@id\":\"https:\\\/\\\/www.budokwai.fi\\\/karate\\\/2019\\\/08\\\/13\\\/harjoitukset-kaynnistyvat\\\/#primaryimage\"},\"thumbnailUrl\":\"https:\\\/\\\/www.budokwai.fi\\\/karate\\\/wp\\\/wp-content\\\/uploads\\\/2018\\\/05\\\/karate_kids_2018.png\",\"datePublished\":\"2019-08-13T18:53:43+00:00\",\"dateModified\":\"2019-08-13T18:53:45+00:00\",\"author\":{\"@id\":\"https:\\\/\\\/www.budokwai.fi\\\/karate\\\/#\\\/schema\\\/person\\\/9cbc3b1c5800699bd040a7976fb54edb\"},\"breadcrumb\":{\"@id\":\"https:\\\/\\\/www.budokwai.fi\\\/karate\\\/2019\\\/08\\\/13\\\/harjoitukset-kaynnistyvat\\\/#breadcrumb\"},\"inLanguage\":\"en-US\",\"potentialAction\":[{\"@type\":\"ReadAction\",\"target\":[\"https:\\\/\\\/www.budokwai.fi\\\/karate\\\/2019\\\/08\\\/13\\\/harjoitukset-kaynnistyvat\\\/\"]}]},{\"@type\":\"ImageObject\",\"inLanguage\":\"en-US\",\"@id\":\"https:\\\/\\\/www.budokwai.fi\\\/karate\\\/2019\\\/08\\\/13\\\/harjoitukset-kaynnistyvat\\\/#primaryimage\",\"url\":\"https:\\\/\\\/www.budokwai.fi\\\/karate\\\/wp\\\/wp-content\\\/uploads\\\/2018\\\/05\\\/karate_kids_2018.png\",\"contentUrl\":\"https:\\\/\\\/www.budokwai.fi\\\/karate\\\/wp\\\/wp-content\\\/uploads\\\/2018\\\/05\\\/karate_kids_2018.png\",\"width\":204,\"height\":276},{\"@type\":\"BreadcrumbList\",\"@id\":\"https:\\\/\\\/www.budokwai.fi\\\/karate\\\/2019\\\/08\\\/13\\\/harjoitukset-kaynnistyvat\\\/#breadcrumb\",\"itemListElement\":[{\"@type\":\"ListItem\",\"position\":1,\"name\":\"Home\",\"item\":\"https:\\\/\\\/www.budokwai.fi\\\/karate\\\/\"},{\"@type\":\"ListItem\",\"position\":2,\"name\":\"Harjoitukset k\u00e4ynnistyv\u00e4t\"}]},{\"@type\":\"WebSite\",\"@id\":\"https:\\\/\\\/www.budokwai.fi\\\/karate\\\/#website\",\"url\":\"https:\\\/\\\/www.budokwai.fi\\\/karate\\\/\",\"name\":\"Budokwai Karate\",\"description\":\"Budokwai karate\",\"potentialAction\":[{\"@type\":\"SearchAction\",\"target\":{\"@type\":\"EntryPoint\",\"urlTemplate\":\"https:\\\/\\\/www.budokwai.fi\\\/karate\\\/?s={search_term_string}\"},\"query-input\":{\"@type\":\"PropertyValueSpecification\",\"valueRequired\":true,\"valueName\":\"search_term_string\"}}],\"inLanguage\":\"en-US\"},{\"@type\":\"Person\",\"@id\":\"https:\\\/\\\/www.budokwai.fi\\\/karate\\\/#\\\/schema\\\/person\\\/9cbc3b1c5800699bd040a7976fb54edb\",\"name\":\"MikaR\",\"image\":{\"@type\":\"ImageObject\",\"inLanguage\":\"en-US\",\"@id\":\"https:\\\/\\\/secure.gravatar.com\\\/avatar\\\/dac280e88f7e589889abeb9be1edff3d7562003cc069aca97f218ca2305055f9?s=96&d=mm&r=g\",\"url\":\"https:\\\/\\\/secure.gravatar.com\\\/avatar\\\/dac280e88f7e589889abeb9be1edff3d7562003cc069aca97f218ca2305055f9?s=96&d=mm&r=g\",\"contentUrl\":\"https:\\\/\\\/secure.gravatar.com\\\/avatar\\\/dac280e88f7e589889abeb9be1edff3d7562003cc069aca97f218ca2305055f9?s=96&d=mm&r=g\",\"caption\":\"MikaR\"},\"url\":\"https:\\\/\\\/www.budokwai.fi\\\/karate\\\/author\\\/mikar\\\/\"}]}<\/script>\n<!-- \/ Yoast SEO plugin. -->","yoast_head_json":{"title":"Harjoitukset k\u00e4ynnistyv\u00e4t - Budokwai Karate","robots":{"index":"index","follow":"follow","max-snippet":"max-snippet:-1","max-image-preview":"max-image-preview:large","max-video-preview":"max-video-preview:-1"},"canonical":"https:\/\/www.budokwai.fi\/karate\/2019\/08\/13\/harjoitukset-kaynnistyvat\/","og_locale":"fi_FI","og_type":"article","og_title":"Harjoitukset k\u00e4ynnistyv\u00e4t - Budokwai Karate","og_description":"AikuisetVanhat harjoittelijat: harjoitukset ovat jo k\u00e4ynnistyneet: ma 19.00-20.30 sek\u00e4 ke 18.30-20.00. Uusien harjoittelijoiden peruskurssi alkaa ma 2.9.2019 klo 20.15. Lapset ja NuoretVanhat harjoittelijat: kauden aloitus sunnuntaina 18.8.2019.Jatkoryhm\u00e4 1 (Jarkko) klo 16.15.Jatkoryhm\u00e4 2 (Ismo) klo 17.30.YFC aloittaa torstaina 5.9. klo 18.00 Muut ryhm\u00e4t:Perhebudo aloittaa ti 20.8.2019 klo 17.30 ja klo 18.15. KarateKids aloittaa pe 23.8.2019 klo... Lue lis\u00e4\u00e4 &raquo;","og_url":"https:\/\/www.budokwai.fi\/karate\/2019\/08\/13\/harjoitukset-kaynnistyvat\/","og_site_name":"Budokwai Karate","article_publisher":"https:\/\/www.facebook.com\/budokwaikarateturku\/","article_published_time":"2019-08-13T18:53:43+00:00","article_modified_time":"2019-08-13T18:53:45+00:00","og_image":[{"width":204,"height":276,"url":"https:\/\/www.budokwai.fi\/karate\/wp\/wp-content\/uploads\/2018\/05\/karate_kids_2018.png","type":"image\/png"}],"author":"MikaR","twitter_card":"summary_large_image","twitter_misc":{"Written by":"MikaR"},"schema":{"@context":"https:\/\/schema.org","@graph":[{"@type":"Article","@id":"https:\/\/www.budokwai.fi\/karate\/2019\/08\/13\/harjoitukset-kaynnistyvat\/#article","isPartOf":{"@id":"https:\/\/www.budokwai.fi\/karate\/2019\/08\/13\/harjoitukset-kaynnistyvat\/"},"author":{"name":"MikaR","@id":"https:\/\/www.budokwai.fi\/karate\/#\/schema\/person\/9cbc3b1c5800699bd040a7976fb54edb"},"headline":"Harjoitukset k\u00e4ynnistyv\u00e4t","datePublished":"2019-08-13T18:53:43+00:00","dateModified":"2019-08-13T18:53:45+00:00","mainEntityOfPage":{"@id":"https:\/\/www.budokwai.fi\/karate\/2019\/08\/13\/harjoitukset-kaynnistyvat\/"},"wordCount":62,"image":{"@id":"https:\/\/www.budokwai.fi\/karate\/2019\/08\/13\/harjoitukset-kaynnistyvat\/#primaryimage"},"thumbnailUrl":"https:\/\/www.budokwai.fi\/karate\/wp\/wp-content\/uploads\/2018\/05\/karate_kids_2018.png","keywords":["Harjoitusajat","Peruskurssi","peruskurssit"],"articleSection":["Ajankohtaista"],"inLanguage":"en-US"},{"@type":"WebPage","@id":"https:\/\/www.budokwai.fi\/karate\/2019\/08\/13\/harjoitukset-kaynnistyvat\/","url":"https:\/\/www.budokwai.fi\/karate\/2019\/08\/13\/harjoitukset-kaynnistyvat\/","name":"Harjoitukset k\u00e4ynnistyv\u00e4t - Budokwai Karate","isPartOf":{"@id":"https:\/\/www.budokwai.fi\/karate\/#website"},"primaryImageOfPage":{"@id":"https:\/\/www.budokwai.fi\/karate\/2019\/08\/13\/harjoitukset-kaynnistyvat\/#primaryimage"},"image":{"@id":"https:\/\/www.budokwai.fi\/karate\/2019\/08\/13\/harjoitukset-kaynnistyvat\/#primaryimage"},"thumbnailUrl":"https:\/\/www.budokwai.fi\/karate\/wp\/wp-content\/uploads\/2018\/05\/karate_kids_2018.png","datePublished":"2019-08-13T18:53:43+00:00","dateModified":"2019-08-13T18:53:45+00:00","author":{"@id":"https:\/\/www.budokwai.fi\/karate\/#\/schema\/person\/9cbc3b1c5800699bd040a7976fb54edb"},"breadcrumb":{"@id":"https:\/\/www.budokwai.fi\/karate\/2019\/08\/13\/harjoitukset-kaynnistyvat\/#breadcrumb"},"inLanguage":"en-US","potentialAction":[{"@type":"ReadAction","target":["https:\/\/www.budokwai.fi\/karate\/2019\/08\/13\/harjoitukset-kaynnistyvat\/"]}]},{"@type":"ImageObject","inLanguage":"en-US","@id":"https:\/\/www.budokwai.fi\/karate\/2019\/08\/13\/harjoitukset-kaynnistyvat\/#primaryimage","url":"https:\/\/www.budokwai.fi\/karate\/wp\/wp-content\/uploads\/2018\/05\/karate_kids_2018.png","contentUrl":"https:\/\/www.budokwai.fi\/karate\/wp\/wp-content\/uploads\/2018\/05\/karate_kids_2018.png","width":204,"height":276},{"@type":"BreadcrumbList","@id":"https:\/\/www.budokwai.fi\/karate\/2019\/08\/13\/harjoitukset-kaynnistyvat\/#breadcrumb","itemListElement":[{"@type":"ListItem","position":1,"name":"Home","item":"https:\/\/www.budokwai.fi\/karate\/"},{"@type":"ListItem","position":2,"name":"Harjoitukset k\u00e4ynnistyv\u00e4t"}]},{"@type":"WebSite","@id":"https:\/\/www.budokwai.fi\/karate\/#website","url":"https:\/\/www.budokwai.fi\/karate\/","name":"Budokwai Karate","description":"Budokwai karate","potentialAction":[{"@type":"SearchAction","target":{"@type":"EntryPoint","urlTemplate":"https:\/\/www.budokwai.fi\/karate\/?s={search_term_string}"},"query-input":{"@type":"PropertyValueSpecification","valueRequired":true,"valueName":"search_term_string"}}],"inLanguage":"en-US"},{"@type":"Person","@id":"https:\/\/www.budokwai.fi\/karate\/#\/schema\/person\/9cbc3b1c5800699bd040a7976fb54edb","name":"MikaR","image":{"@type":"ImageObject","inLanguage":"en-US","@id":"https:\/\/secure.gravatar.com\/avatar\/dac280e88f7e589889abeb9be1edff3d7562003cc069aca97f218ca2305055f9?s=96&d=mm&r=g","url":"https:\/\/secure.gravatar.com\/avatar\/dac280e88f7e589889abeb9be1edff3d7562003cc069aca97f218ca2305055f9?s=96&d=mm&r=g","contentUrl":"https:\/\/secure.gravatar.com\/avatar\/dac280e88f7e589889abeb9be1edff3d7562003cc069aca97f218ca2305055f9?s=96&d=mm&r=g","caption":"MikaR"},"url":"https:\/\/www.budokwai.fi\/karate\/author\/mikar\/"}]}},"_links":{"self":[{"href":"https:\/\/www.budokwai.fi\/karate\/wp-json\/wp\/v2\/posts\/3921","targetHints":{"allow":["GET"]}}],"collection":[{"href":"https:\/\/www.budokwai.fi\/karate\/wp-json\/wp\/v2\/posts"}],"about":[{"href":"https:\/\/www.budokwai.fi\/karate\/wp-json\/wp\/v2\/types\/post"}],"author":[{"embeddable":true,"href":"https:\/\/www.budokwai.fi\/karate\/wp-json\/wp\/v2\/users\/3"}],"replies":[{"embeddable":true,"href":"https:\/\/www.budokwai.fi\/karate\/wp-json\/wp\/v2\/comments?post=3921"}],"version-history":[{"count":2,"href":"https:\/\/www.budokwai.fi\/karate\/wp-json\/wp\/v2\/posts\/3921\/revisions"}],"predecessor-version":[{"id":3923,"href":"https:\/\/www.budokwai.fi\/karate\/wp-json\/wp\/v2\/posts\/3921\/revisions\/3923"}],"wp:featuredmedia":[{"embeddable":true,"href":"https:\/\/www.budokwai.fi\/karate\/wp-json\/wp\/v2\/media\/3556"}],"wp:attachment":[{"href":"https:\/\/www.budokwai.fi\/karate\/wp-json\/wp\/v2\/media?parent=3921"}],"wp:term":[{"taxonomy":"category","embeddable":true,"href":"https:\/\/www.budokwai.fi\/karate\/wp-json\/wp\/v2\/categories?post=3921"},{"taxonomy":"post_tag","embeddable":true,"href":"https:\/\/www.budokwai.fi\/karate\/wp-json\/wp\/v2\/tags?post=3921"}],"curies":[{"name":"wp","href":"https:\/\/api.w.org\/{rel}","templated":true}]}}