{"id":3564,"date":"2018-05-27T21:29:05","date_gmt":"2018-05-27T18:29:05","guid":{"rendered":"http:\/\/www.budokwai.fi\/karate\/?p=3564"},"modified":"2018-05-27T21:29:05","modified_gmt":"2018-05-27T18:29:05","slug":"wadokai-leiri-turussa-ja-uusia-ylempia-voita","status":"publish","type":"post","link":"https:\/\/www.budokwai.fi\/karate\/2018\/05\/27\/wadokai-leiri-turussa-ja-uusia-ylempia-voita\/","title":{"rendered":"Wadokai leiri Turussa ja uusia ylempi\u00e4 v\u00f6it\u00e4"},"content":{"rendered":"<p>Wadokai Finland -tekniikkaleiri pidettiin t\u00e4ll\u00e4 kertaa salillamme Turussa 26.-27.5.2018. Leirill\u00e4 oli 50 osallistujaa eri puolelta Suomea. Leirin yhteydess\u00e4 j\u00e4rjestetyiss\u00e4 DAN -kokeissa Budokwai Karaten p\u00e4\u00e4valmentaja Mika Rintam\u00e4ki korotti mustaa vy\u00f6t\u00e4\u00e4n 3.DAN tasolle ja juniorien kehitysryhm\u00e4n valmentaja Ismo Laitakari suoritti 1.DAN mustan vy\u00f6n. Kiitos kaikille leiril\u00e4isille, omille ja vieraille harjoituskumppaneille sek\u00e4 erityisesti Wadokai Finlandin DAN -kollegiolle.<\/p>\n<a href=\"http:\/\/www.budokwai.fi\/karate\/wp\/wp-content\/uploads\/2018\/05\/IMG_3001.jpg\"><img loading=\"lazy\" decoding=\"async\" class=\"alignleft size-medium wp-image-3565\" src=\"http:\/\/www.budokwai.fi\/karate\/wp\/wp-content\/uploads\/2018\/05\/IMG_3001-300x225.jpg\" alt=\"\" width=\"300\" height=\"225\" srcset=\"https:\/\/www.budokwai.fi\/karate\/wp\/wp-content\/uploads\/2018\/05\/IMG_3001-300x225.jpg 300w, https:\/\/www.budokwai.fi\/karate\/wp\/wp-content\/uploads\/2018\/05\/IMG_3001-768x576.jpg 768w, https:\/\/www.budokwai.fi\/karate\/wp\/wp-content\/uploads\/2018\/05\/IMG_3001-600x450.jpg 600w, https:\/\/www.budokwai.fi\/karate\/wp\/wp-content\/uploads\/2018\/05\/IMG_3001.jpg 960w\" sizes=\"auto, (max-width: 300px) 100vw, 300px\" \/><\/a> <a href=\"http:\/\/www.budokwai.fi\/karate\/wp\/wp-content\/uploads\/2018\/05\/IMG_3014.jpg\"><img loading=\"lazy\" decoding=\"async\" class=\"alignleft size-medium wp-image-3566\" src=\"http:\/\/www.budokwai.fi\/karate\/wp\/wp-content\/uploads\/2018\/05\/IMG_3014-300x225.jpg\" alt=\"\" width=\"300\" height=\"225\" srcset=\"https:\/\/www.budokwai.fi\/karate\/wp\/wp-content\/uploads\/2018\/05\/IMG_3014-300x225.jpg 300w, https:\/\/www.budokwai.fi\/karate\/wp\/wp-content\/uploads\/2018\/05\/IMG_3014-768x576.jpg 768w, https:\/\/www.budokwai.fi\/karate\/wp\/wp-content\/uploads\/2018\/05\/IMG_3014-1024x768.jpg 1024w, https:\/\/www.budokwai.fi\/karate\/wp\/wp-content\/uploads\/2018\/05\/IMG_3014-600x450.jpg 600w\" sizes=\"auto, (max-width: 300px) 100vw, 300px\" \/><\/a>\n","protected":false},"excerpt":{"rendered":"<p>Wadokai Finland -tekniikkaleiri pidettiin t\u00e4ll\u00e4 kertaa salillamme Turussa 26.-27.5.2018. Leirill\u00e4 oli 50 osallistujaa eri puolelta Suomea. Leirin yhteydess\u00e4 j\u00e4rjestetyiss\u00e4 DAN -kokeissa Budokwai Karaten p\u00e4\u00e4valmentaja Mika Rintam\u00e4ki korotti mustaa vy\u00f6t\u00e4\u00e4n 3.DAN tasolle ja juniorien kehitysryhm\u00e4n valmentaja Ismo Laitakari suoritti 1.DAN mustan vy\u00f6n. Kiitos kaikille leiril\u00e4isille, omille ja vieraille harjoituskumppaneille sek\u00e4 erityisesti Wadokai Finlandin DAN -kollegiolle.<\/p>\n","protected":false},"author":3,"featured_media":3566,"comment_status":"closed","ping_status":"open","sticky":false,"template":"","format":"standard","meta":{"_acf_changed":false,"_monsterinsights_skip_tracking":false,"_monsterinsights_sitenote_active":false,"_monsterinsights_sitenote_note":"","_monsterinsights_sitenote_category":0,"footnotes":""},"categories":[4],"tags":[5,17],"class_list":["post-3564","post","type-post","status-publish","format-standard","has-post-thumbnail","hentry","category-karateblogi","tag-leirit","tag-vyokoe"],"acf":[],"yoast_head":"<!-- This site is optimized with the Yoast SEO plugin v27.5 - https:\/\/yoast.com\/product\/yoast-seo-wordpress\/ -->\n<title>Wadokai leiri Turussa ja uusia ylempi\u00e4 v\u00f6it\u00e4 - Budokwai Karate<\/title>\n<meta name=\"robots\" content=\"index, follow, max-snippet:-1, max-image-preview:large, max-video-preview:-1\" \/>\n<link rel=\"canonical\" href=\"https:\/\/www.budokwai.fi\/karate\/2018\/05\/27\/wadokai-leiri-turussa-ja-uusia-ylempia-voita\/\" \/>\n<meta property=\"og:locale\" content=\"fi_FI\" \/>\n<meta property=\"og:type\" content=\"article\" \/>\n<meta property=\"og:title\" content=\"Wadokai leiri Turussa ja uusia ylempi\u00e4 v\u00f6it\u00e4 - Budokwai Karate\" \/>\n<meta property=\"og:description\" content=\"Wadokai Finland -tekniikkaleiri pidettiin t\u00e4ll\u00e4 kertaa salillamme Turussa 26.-27.5.2018. Leirill\u00e4 oli 50 osallistujaa eri puolelta Suomea. Leirin yhteydess\u00e4 j\u00e4rjestetyiss\u00e4 DAN -kokeissa Budokwai Karaten p\u00e4\u00e4valmentaja Mika Rintam\u00e4ki korotti mustaa vy\u00f6t\u00e4\u00e4n 3.DAN tasolle ja juniorien kehitysryhm\u00e4n valmentaja Ismo Laitakari suoritti 1.DAN mustan vy\u00f6n. Kiitos kaikille leiril\u00e4isille, omille ja vieraille harjoituskumppaneille sek\u00e4 erityisesti Wadokai Finlandin DAN -kollegiolle.\" \/>\n<meta property=\"og:url\" content=\"https:\/\/www.budokwai.fi\/karate\/2018\/05\/27\/wadokai-leiri-turussa-ja-uusia-ylempia-voita\/\" \/>\n<meta property=\"og:site_name\" content=\"Budokwai Karate\" \/>\n<meta property=\"article:publisher\" content=\"https:\/\/www.facebook.com\/budokwaikarateturku\/\" \/>\n<meta property=\"article:published_time\" content=\"2018-05-27T18:29:05+00:00\" \/>\n<meta property=\"og:image\" content=\"https:\/\/www.budokwai.fi\/karate\/wp\/wp-content\/uploads\/2018\/05\/IMG_3014.jpg\" \/>\n\t<meta property=\"og:image:width\" content=\"4032\" \/>\n\t<meta property=\"og:image:height\" content=\"3024\" \/>\n\t<meta property=\"og:image:type\" content=\"image\/jpeg\" \/>\n<meta name=\"author\" content=\"MikaR\" \/>\n<meta name=\"twitter:card\" content=\"summary_large_image\" \/>\n<meta name=\"twitter:label1\" content=\"Written by\" \/>\n\t<meta name=\"twitter:data1\" content=\"MikaR\" \/>\n<script type=\"application\/ld+json\" class=\"yoast-schema-graph\">{\"@context\":\"https:\\\/\\\/schema.org\",\"@graph\":[{\"@type\":\"Article\",\"@id\":\"https:\\\/\\\/www.budokwai.fi\\\/karate\\\/2018\\\/05\\\/27\\\/wadokai-leiri-turussa-ja-uusia-ylempia-voita\\\/#article\",\"isPartOf\":{\"@id\":\"https:\\\/\\\/www.budokwai.fi\\\/karate\\\/2018\\\/05\\\/27\\\/wadokai-leiri-turussa-ja-uusia-ylempia-voita\\\/\"},\"author\":{\"name\":\"MikaR\",\"@id\":\"https:\\\/\\\/www.budokwai.fi\\\/karate\\\/#\\\/schema\\\/person\\\/9cbc3b1c5800699bd040a7976fb54edb\"},\"headline\":\"Wadokai leiri Turussa ja uusia ylempi\u00e4 v\u00f6it\u00e4\",\"datePublished\":\"2018-05-27T18:29:05+00:00\",\"mainEntityOfPage\":{\"@id\":\"https:\\\/\\\/www.budokwai.fi\\\/karate\\\/2018\\\/05\\\/27\\\/wadokai-leiri-turussa-ja-uusia-ylempia-voita\\\/\"},\"wordCount\":70,\"image\":{\"@id\":\"https:\\\/\\\/www.budokwai.fi\\\/karate\\\/2018\\\/05\\\/27\\\/wadokai-leiri-turussa-ja-uusia-ylempia-voita\\\/#primaryimage\"},\"thumbnailUrl\":\"https:\\\/\\\/www.budokwai.fi\\\/karate\\\/wp\\\/wp-content\\\/uploads\\\/2018\\\/05\\\/IMG_3014.jpg\",\"keywords\":[\"Leiri\",\"Vy\u00f6koe\"],\"articleSection\":[\"Karateblogi\"],\"inLanguage\":\"en-US\"},{\"@type\":\"WebPage\",\"@id\":\"https:\\\/\\\/www.budokwai.fi\\\/karate\\\/2018\\\/05\\\/27\\\/wadokai-leiri-turussa-ja-uusia-ylempia-voita\\\/\",\"url\":\"https:\\\/\\\/www.budokwai.fi\\\/karate\\\/2018\\\/05\\\/27\\\/wadokai-leiri-turussa-ja-uusia-ylempia-voita\\\/\",\"name\":\"Wadokai leiri Turussa ja uusia ylempi\u00e4 v\u00f6it\u00e4 - Budokwai Karate\",\"isPartOf\":{\"@id\":\"https:\\\/\\\/www.budokwai.fi\\\/karate\\\/#website\"},\"primaryImageOfPage\":{\"@id\":\"https:\\\/\\\/www.budokwai.fi\\\/karate\\\/2018\\\/05\\\/27\\\/wadokai-leiri-turussa-ja-uusia-ylempia-voita\\\/#primaryimage\"},\"image\":{\"@id\":\"https:\\\/\\\/www.budokwai.fi\\\/karate\\\/2018\\\/05\\\/27\\\/wadokai-leiri-turussa-ja-uusia-ylempia-voita\\\/#primaryimage\"},\"thumbnailUrl\":\"https:\\\/\\\/www.budokwai.fi\\\/karate\\\/wp\\\/wp-content\\\/uploads\\\/2018\\\/05\\\/IMG_3014.jpg\",\"datePublished\":\"2018-05-27T18:29:05+00:00\",\"author\":{\"@id\":\"https:\\\/\\\/www.budokwai.fi\\\/karate\\\/#\\\/schema\\\/person\\\/9cbc3b1c5800699bd040a7976fb54edb\"},\"breadcrumb\":{\"@id\":\"https:\\\/\\\/www.budokwai.fi\\\/karate\\\/2018\\\/05\\\/27\\\/wadokai-leiri-turussa-ja-uusia-ylempia-voita\\\/#breadcrumb\"},\"inLanguage\":\"en-US\",\"potentialAction\":[{\"@type\":\"ReadAction\",\"target\":[\"https:\\\/\\\/www.budokwai.fi\\\/karate\\\/2018\\\/05\\\/27\\\/wadokai-leiri-turussa-ja-uusia-ylempia-voita\\\/\"]}]},{\"@type\":\"ImageObject\",\"inLanguage\":\"en-US\",\"@id\":\"https:\\\/\\\/www.budokwai.fi\\\/karate\\\/2018\\\/05\\\/27\\\/wadokai-leiri-turussa-ja-uusia-ylempia-voita\\\/#primaryimage\",\"url\":\"https:\\\/\\\/www.budokwai.fi\\\/karate\\\/wp\\\/wp-content\\\/uploads\\\/2018\\\/05\\\/IMG_3014.jpg\",\"contentUrl\":\"https:\\\/\\\/www.budokwai.fi\\\/karate\\\/wp\\\/wp-content\\\/uploads\\\/2018\\\/05\\\/IMG_3014.jpg\",\"width\":4032,\"height\":3024},{\"@type\":\"BreadcrumbList\",\"@id\":\"https:\\\/\\\/www.budokwai.fi\\\/karate\\\/2018\\\/05\\\/27\\\/wadokai-leiri-turussa-ja-uusia-ylempia-voita\\\/#breadcrumb\",\"itemListElement\":[{\"@type\":\"ListItem\",\"position\":1,\"name\":\"Home\",\"item\":\"https:\\\/\\\/www.budokwai.fi\\\/karate\\\/\"},{\"@type\":\"ListItem\",\"position\":2,\"name\":\"Wadokai leiri Turussa ja uusia ylempi\u00e4 v\u00f6it\u00e4\"}]},{\"@type\":\"WebSite\",\"@id\":\"https:\\\/\\\/www.budokwai.fi\\\/karate\\\/#website\",\"url\":\"https:\\\/\\\/www.budokwai.fi\\\/karate\\\/\",\"name\":\"Budokwai Karate\",\"description\":\"Budokwai karate\",\"potentialAction\":[{\"@type\":\"SearchAction\",\"target\":{\"@type\":\"EntryPoint\",\"urlTemplate\":\"https:\\\/\\\/www.budokwai.fi\\\/karate\\\/?s={search_term_string}\"},\"query-input\":{\"@type\":\"PropertyValueSpecification\",\"valueRequired\":true,\"valueName\":\"search_term_string\"}}],\"inLanguage\":\"en-US\"},{\"@type\":\"Person\",\"@id\":\"https:\\\/\\\/www.budokwai.fi\\\/karate\\\/#\\\/schema\\\/person\\\/9cbc3b1c5800699bd040a7976fb54edb\",\"name\":\"MikaR\",\"image\":{\"@type\":\"ImageObject\",\"inLanguage\":\"en-US\",\"@id\":\"https:\\\/\\\/secure.gravatar.com\\\/avatar\\\/dac280e88f7e589889abeb9be1edff3d7562003cc069aca97f218ca2305055f9?s=96&d=mm&r=g\",\"url\":\"https:\\\/\\\/secure.gravatar.com\\\/avatar\\\/dac280e88f7e589889abeb9be1edff3d7562003cc069aca97f218ca2305055f9?s=96&d=mm&r=g\",\"contentUrl\":\"https:\\\/\\\/secure.gravatar.com\\\/avatar\\\/dac280e88f7e589889abeb9be1edff3d7562003cc069aca97f218ca2305055f9?s=96&d=mm&r=g\",\"caption\":\"MikaR\"},\"url\":\"https:\\\/\\\/www.budokwai.fi\\\/karate\\\/author\\\/mikar\\\/\"}]}<\/script>\n<!-- \/ Yoast SEO plugin. -->","yoast_head_json":{"title":"Wadokai leiri Turussa ja uusia ylempi\u00e4 v\u00f6it\u00e4 - Budokwai Karate","robots":{"index":"index","follow":"follow","max-snippet":"max-snippet:-1","max-image-preview":"max-image-preview:large","max-video-preview":"max-video-preview:-1"},"canonical":"https:\/\/www.budokwai.fi\/karate\/2018\/05\/27\/wadokai-leiri-turussa-ja-uusia-ylempia-voita\/","og_locale":"fi_FI","og_type":"article","og_title":"Wadokai leiri Turussa ja uusia ylempi\u00e4 v\u00f6it\u00e4 - Budokwai Karate","og_description":"Wadokai Finland -tekniikkaleiri pidettiin t\u00e4ll\u00e4 kertaa salillamme Turussa 26.-27.5.2018. Leirill\u00e4 oli 50 osallistujaa eri puolelta Suomea. Leirin yhteydess\u00e4 j\u00e4rjestetyiss\u00e4 DAN -kokeissa Budokwai Karaten p\u00e4\u00e4valmentaja Mika Rintam\u00e4ki korotti mustaa vy\u00f6t\u00e4\u00e4n 3.DAN tasolle ja juniorien kehitysryhm\u00e4n valmentaja Ismo Laitakari suoritti 1.DAN mustan vy\u00f6n. Kiitos kaikille leiril\u00e4isille, omille ja vieraille harjoituskumppaneille sek\u00e4 erityisesti Wadokai Finlandin DAN -kollegiolle.","og_url":"https:\/\/www.budokwai.fi\/karate\/2018\/05\/27\/wadokai-leiri-turussa-ja-uusia-ylempia-voita\/","og_site_name":"Budokwai Karate","article_publisher":"https:\/\/www.facebook.com\/budokwaikarateturku\/","article_published_time":"2018-05-27T18:29:05+00:00","og_image":[{"width":4032,"height":3024,"url":"https:\/\/www.budokwai.fi\/karate\/wp\/wp-content\/uploads\/2018\/05\/IMG_3014.jpg","type":"image\/jpeg"}],"author":"MikaR","twitter_card":"summary_large_image","twitter_misc":{"Written by":"MikaR"},"schema":{"@context":"https:\/\/schema.org","@graph":[{"@type":"Article","@id":"https:\/\/www.budokwai.fi\/karate\/2018\/05\/27\/wadokai-leiri-turussa-ja-uusia-ylempia-voita\/#article","isPartOf":{"@id":"https:\/\/www.budokwai.fi\/karate\/2018\/05\/27\/wadokai-leiri-turussa-ja-uusia-ylempia-voita\/"},"author":{"name":"MikaR","@id":"https:\/\/www.budokwai.fi\/karate\/#\/schema\/person\/9cbc3b1c5800699bd040a7976fb54edb"},"headline":"Wadokai leiri Turussa ja uusia ylempi\u00e4 v\u00f6it\u00e4","datePublished":"2018-05-27T18:29:05+00:00","mainEntityOfPage":{"@id":"https:\/\/www.budokwai.fi\/karate\/2018\/05\/27\/wadokai-leiri-turussa-ja-uusia-ylempia-voita\/"},"wordCount":70,"image":{"@id":"https:\/\/www.budokwai.fi\/karate\/2018\/05\/27\/wadokai-leiri-turussa-ja-uusia-ylempia-voita\/#primaryimage"},"thumbnailUrl":"https:\/\/www.budokwai.fi\/karate\/wp\/wp-content\/uploads\/2018\/05\/IMG_3014.jpg","keywords":["Leiri","Vy\u00f6koe"],"articleSection":["Karateblogi"],"inLanguage":"en-US"},{"@type":"WebPage","@id":"https:\/\/www.budokwai.fi\/karate\/2018\/05\/27\/wadokai-leiri-turussa-ja-uusia-ylempia-voita\/","url":"https:\/\/www.budokwai.fi\/karate\/2018\/05\/27\/wadokai-leiri-turussa-ja-uusia-ylempia-voita\/","name":"Wadokai leiri Turussa ja uusia ylempi\u00e4 v\u00f6it\u00e4 - Budokwai Karate","isPartOf":{"@id":"https:\/\/www.budokwai.fi\/karate\/#website"},"primaryImageOfPage":{"@id":"https:\/\/www.budokwai.fi\/karate\/2018\/05\/27\/wadokai-leiri-turussa-ja-uusia-ylempia-voita\/#primaryimage"},"image":{"@id":"https:\/\/www.budokwai.fi\/karate\/2018\/05\/27\/wadokai-leiri-turussa-ja-uusia-ylempia-voita\/#primaryimage"},"thumbnailUrl":"https:\/\/www.budokwai.fi\/karate\/wp\/wp-content\/uploads\/2018\/05\/IMG_3014.jpg","datePublished":"2018-05-27T18:29:05+00:00","author":{"@id":"https:\/\/www.budokwai.fi\/karate\/#\/schema\/person\/9cbc3b1c5800699bd040a7976fb54edb"},"breadcrumb":{"@id":"https:\/\/www.budokwai.fi\/karate\/2018\/05\/27\/wadokai-leiri-turussa-ja-uusia-ylempia-voita\/#breadcrumb"},"inLanguage":"en-US","potentialAction":[{"@type":"ReadAction","target":["https:\/\/www.budokwai.fi\/karate\/2018\/05\/27\/wadokai-leiri-turussa-ja-uusia-ylempia-voita\/"]}]},{"@type":"ImageObject","inLanguage":"en-US","@id":"https:\/\/www.budokwai.fi\/karate\/2018\/05\/27\/wadokai-leiri-turussa-ja-uusia-ylempia-voita\/#primaryimage","url":"https:\/\/www.budokwai.fi\/karate\/wp\/wp-content\/uploads\/2018\/05\/IMG_3014.jpg","contentUrl":"https:\/\/www.budokwai.fi\/karate\/wp\/wp-content\/uploads\/2018\/05\/IMG_3014.jpg","width":4032,"height":3024},{"@type":"BreadcrumbList","@id":"https:\/\/www.budokwai.fi\/karate\/2018\/05\/27\/wadokai-leiri-turussa-ja-uusia-ylempia-voita\/#breadcrumb","itemListElement":[{"@type":"ListItem","position":1,"name":"Home","item":"https:\/\/www.budokwai.fi\/karate\/"},{"@type":"ListItem","position":2,"name":"Wadokai leiri Turussa ja uusia ylempi\u00e4 v\u00f6it\u00e4"}]},{"@type":"WebSite","@id":"https:\/\/www.budokwai.fi\/karate\/#website","url":"https:\/\/www.budokwai.fi\/karate\/","name":"Budokwai Karate","description":"Budokwai karate","potentialAction":[{"@type":"SearchAction","target":{"@type":"EntryPoint","urlTemplate":"https:\/\/www.budokwai.fi\/karate\/?s={search_term_string}"},"query-input":{"@type":"PropertyValueSpecification","valueRequired":true,"valueName":"search_term_string"}}],"inLanguage":"en-US"},{"@type":"Person","@id":"https:\/\/www.budokwai.fi\/karate\/#\/schema\/person\/9cbc3b1c5800699bd040a7976fb54edb","name":"MikaR","image":{"@type":"ImageObject","inLanguage":"en-US","@id":"https:\/\/secure.gravatar.com\/avatar\/dac280e88f7e589889abeb9be1edff3d7562003cc069aca97f218ca2305055f9?s=96&d=mm&r=g","url":"https:\/\/secure.gravatar.com\/avatar\/dac280e88f7e589889abeb9be1edff3d7562003cc069aca97f218ca2305055f9?s=96&d=mm&r=g","contentUrl":"https:\/\/secure.gravatar.com\/avatar\/dac280e88f7e589889abeb9be1edff3d7562003cc069aca97f218ca2305055f9?s=96&d=mm&r=g","caption":"MikaR"},"url":"https:\/\/www.budokwai.fi\/karate\/author\/mikar\/"}]}},"_links":{"self":[{"href":"https:\/\/www.budokwai.fi\/karate\/wp-json\/wp\/v2\/posts\/3564","targetHints":{"allow":["GET"]}}],"collection":[{"href":"https:\/\/www.budokwai.fi\/karate\/wp-json\/wp\/v2\/posts"}],"about":[{"href":"https:\/\/www.budokwai.fi\/karate\/wp-json\/wp\/v2\/types\/post"}],"author":[{"embeddable":true,"href":"https:\/\/www.budokwai.fi\/karate\/wp-json\/wp\/v2\/users\/3"}],"replies":[{"embeddable":true,"href":"https:\/\/www.budokwai.fi\/karate\/wp-json\/wp\/v2\/comments?post=3564"}],"version-history":[{"count":1,"href":"https:\/\/www.budokwai.fi\/karate\/wp-json\/wp\/v2\/posts\/3564\/revisions"}],"predecessor-version":[{"id":3567,"href":"https:\/\/www.budokwai.fi\/karate\/wp-json\/wp\/v2\/posts\/3564\/revisions\/3567"}],"wp:featuredmedia":[{"embeddable":true,"href":"https:\/\/www.budokwai.fi\/karate\/wp-json\/wp\/v2\/media\/3566"}],"wp:attachment":[{"href":"https:\/\/www.budokwai.fi\/karate\/wp-json\/wp\/v2\/media?parent=3564"}],"wp:term":[{"taxonomy":"category","embeddable":true,"href":"https:\/\/www.budokwai.fi\/karate\/wp-json\/wp\/v2\/categories?post=3564"},{"taxonomy":"post_tag","embeddable":true,"href":"https:\/\/www.budokwai.fi\/karate\/wp-json\/wp\/v2\/tags?post=3564"}],"curies":[{"name":"wp","href":"https:\/\/api.w.org\/{rel}","templated":true}]}}