{"id":3139,"date":"2017-10-10T23:01:49","date_gmt":"2017-10-10T20:01:49","guid":{"rendered":"http:\/\/www.budokwai.fi\/karate\/?p=3139"},"modified":"2017-10-10T23:01:49","modified_gmt":"2017-10-10T20:01:49","slug":"kamppailukeskus-budokwain-avajaiset","status":"publish","type":"post","link":"https:\/\/www.budokwai.fi\/karate\/2017\/10\/10\/kamppailukeskus-budokwain-avajaiset\/","title":{"rendered":"Kamppailukeskus Budokwain avajaiset"},"content":{"rendered":"<a href=\"http:\/\/www.budokwai.fi\/karate\/wp\/wp-content\/uploads\/2017\/10\/IMG_0848-1.jpg\"><img loading=\"lazy\" decoding=\"async\" class=\"alignleft size-medium wp-image-3142\" src=\"http:\/\/www.budokwai.fi\/karate\/wp\/wp-content\/uploads\/2017\/10\/IMG_0848-1-300x141.jpg\" alt=\"\" width=\"300\" height=\"141\" srcset=\"https:\/\/www.budokwai.fi\/karate\/wp\/wp-content\/uploads\/2017\/10\/IMG_0848-1-300x141.jpg 300w, https:\/\/www.budokwai.fi\/karate\/wp\/wp-content\/uploads\/2017\/10\/IMG_0848-1-768x360.jpg 768w, https:\/\/www.budokwai.fi\/karate\/wp\/wp-content\/uploads\/2017\/10\/IMG_0848-1-1024x480.jpg 1024w, https:\/\/www.budokwai.fi\/karate\/wp\/wp-content\/uploads\/2017\/10\/IMG_0848-1-600x281.jpg 600w, https:\/\/www.budokwai.fi\/karate\/wp\/wp-content\/uploads\/2017\/10\/IMG_0848-1.jpg 1769w\" sizes=\"auto, (max-width: 300px) 100vw, 300px\" \/><\/a>\n<p>&nbsp;<\/p>\n<p>&nbsp;<\/p>\n<p>&nbsp;<\/p>\n<p>&nbsp;<\/p>\n<p>&nbsp;<\/p>\n<p>Koko Budokwai ry:n yhteisen salin avajaiset pidettiin syyskuussa ja salin viralliseksi nimeksi julistettiin Kamppailukeskus Budokwai.\u00a0Meill\u00e4 oli kunnia saada paikalle salin viralliseksi avaajaksi kansanedustaja ja olympiaurheilija 2000 Veera Ruoho.\u00a0Avajaisissa oli hieno koko seuran yhteisn\u00e4yt\u00f6s, itsepuolustusta, ottelua, murskausta sek\u00e4 taekwondon Universiadeissa kultaa voittanut miesjoukkueen hieno liikesarja. N\u00e4yt\u00f6sten lis\u00e4ksi tarjolla oli munkkia ja mehua.<\/p>\n<p>Kiitos kaikille osallistuneille ja onnea meille uudesta salista!<\/p>\n<p>&nbsp;<\/p>\n","protected":false},"excerpt":{"rendered":"<p>&nbsp; &nbsp; &nbsp; &nbsp; &nbsp; Koko Budokwai ry:n yhteisen salin avajaiset pidettiin syyskuussa ja salin viralliseksi nimeksi julistettiin Kamppailukeskus Budokwai.\u00a0Meill\u00e4 oli kunnia saada paikalle salin viralliseksi avaajaksi kansanedustaja ja olympiaurheilija 2000 Veera Ruoho.\u00a0Avajaisissa oli hieno koko seuran yhteisn\u00e4yt\u00f6s, itsepuolustusta, ottelua, murskausta sek\u00e4 taekwondon Universiadeissa kultaa voittanut miesjoukkueen hieno liikesarja. N\u00e4yt\u00f6sten lis\u00e4ksi tarjolla oli munkkia ja&#8230;  <a class=\"excerpt-read-more\" href=\"https:\/\/www.budokwai.fi\/karate\/2017\/10\/10\/kamppailukeskus-budokwain-avajaiset\/\" title=\"Kamppailukeskus Budokwain avajaiset\">Lue lis\u00e4\u00e4 &raquo;<\/a><\/p>\n","protected":false},"author":3,"featured_media":3142,"comment_status":"closed","ping_status":"open","sticky":false,"template":"","format":"standard","meta":{"_acf_changed":false,"_monsterinsights_skip_tracking":false,"_monsterinsights_sitenote_active":false,"_monsterinsights_sitenote_note":"","_monsterinsights_sitenote_category":0,"footnotes":""},"categories":[3],"tags":[43,44],"class_list":["post-3139","post","type-post","status-publish","format-standard","has-post-thumbnail","hentry","category-ajankohtaista","tag-dojo","tag-harjoitussali"],"acf":[],"yoast_head":"<!-- This site is optimized with the Yoast SEO plugin v27.5 - https:\/\/yoast.com\/product\/yoast-seo-wordpress\/ -->\n<title>Kamppailukeskus Budokwain avajaiset - Budokwai Karate<\/title>\n<meta name=\"robots\" content=\"index, follow, max-snippet:-1, max-image-preview:large, max-video-preview:-1\" \/>\n<link rel=\"canonical\" href=\"https:\/\/www.budokwai.fi\/karate\/2017\/10\/10\/kamppailukeskus-budokwain-avajaiset\/\" \/>\n<meta property=\"og:locale\" content=\"fi_FI\" \/>\n<meta property=\"og:type\" content=\"article\" \/>\n<meta property=\"og:title\" content=\"Kamppailukeskus Budokwain avajaiset - Budokwai Karate\" \/>\n<meta property=\"og:description\" content=\"&nbsp; &nbsp; &nbsp; &nbsp; &nbsp; Koko Budokwai ry:n yhteisen salin avajaiset pidettiin syyskuussa ja salin viralliseksi nimeksi julistettiin Kamppailukeskus Budokwai.\u00a0Meill\u00e4 oli kunnia saada paikalle salin viralliseksi avaajaksi kansanedustaja ja olympiaurheilija 2000 Veera Ruoho.\u00a0Avajaisissa oli hieno koko seuran yhteisn\u00e4yt\u00f6s, itsepuolustusta, ottelua, murskausta sek\u00e4 taekwondon Universiadeissa kultaa voittanut miesjoukkueen hieno liikesarja. N\u00e4yt\u00f6sten lis\u00e4ksi tarjolla oli munkkia ja... Lue lis\u00e4\u00e4 &raquo;\" \/>\n<meta property=\"og:url\" content=\"https:\/\/www.budokwai.fi\/karate\/2017\/10\/10\/kamppailukeskus-budokwain-avajaiset\/\" \/>\n<meta property=\"og:site_name\" content=\"Budokwai Karate\" \/>\n<meta property=\"article:publisher\" content=\"https:\/\/www.facebook.com\/budokwaikarateturku\/\" \/>\n<meta property=\"article:published_time\" content=\"2017-10-10T20:01:49+00:00\" \/>\n<meta property=\"og:image\" content=\"https:\/\/www.budokwai.fi\/karate\/wp\/wp-content\/uploads\/2017\/10\/IMG_0848-1.jpg\" \/>\n\t<meta property=\"og:image:width\" content=\"1769\" \/>\n\t<meta property=\"og:image:height\" content=\"829\" \/>\n\t<meta property=\"og:image:type\" content=\"image\/jpeg\" \/>\n<meta name=\"author\" content=\"MikaR\" \/>\n<meta name=\"twitter:card\" content=\"summary_large_image\" \/>\n<meta name=\"twitter:label1\" content=\"Written by\" \/>\n\t<meta name=\"twitter:data1\" content=\"MikaR\" \/>\n<script type=\"application\/ld+json\" class=\"yoast-schema-graph\">{\"@context\":\"https:\\\/\\\/schema.org\",\"@graph\":[{\"@type\":\"Article\",\"@id\":\"https:\\\/\\\/www.budokwai.fi\\\/karate\\\/2017\\\/10\\\/10\\\/kamppailukeskus-budokwain-avajaiset\\\/#article\",\"isPartOf\":{\"@id\":\"https:\\\/\\\/www.budokwai.fi\\\/karate\\\/2017\\\/10\\\/10\\\/kamppailukeskus-budokwain-avajaiset\\\/\"},\"author\":{\"name\":\"MikaR\",\"@id\":\"https:\\\/\\\/www.budokwai.fi\\\/karate\\\/#\\\/schema\\\/person\\\/9cbc3b1c5800699bd040a7976fb54edb\"},\"headline\":\"Kamppailukeskus Budokwain avajaiset\",\"datePublished\":\"2017-10-10T20:01:49+00:00\",\"mainEntityOfPage\":{\"@id\":\"https:\\\/\\\/www.budokwai.fi\\\/karate\\\/2017\\\/10\\\/10\\\/kamppailukeskus-budokwain-avajaiset\\\/\"},\"wordCount\":75,\"image\":{\"@id\":\"https:\\\/\\\/www.budokwai.fi\\\/karate\\\/2017\\\/10\\\/10\\\/kamppailukeskus-budokwain-avajaiset\\\/#primaryimage\"},\"thumbnailUrl\":\"https:\\\/\\\/www.budokwai.fi\\\/karate\\\/wp\\\/wp-content\\\/uploads\\\/2017\\\/10\\\/IMG_0848-1.jpg\",\"keywords\":[\"Dojo\",\"Harjoitussali\"],\"articleSection\":[\"Ajankohtaista\"],\"inLanguage\":\"en-US\"},{\"@type\":\"WebPage\",\"@id\":\"https:\\\/\\\/www.budokwai.fi\\\/karate\\\/2017\\\/10\\\/10\\\/kamppailukeskus-budokwain-avajaiset\\\/\",\"url\":\"https:\\\/\\\/www.budokwai.fi\\\/karate\\\/2017\\\/10\\\/10\\\/kamppailukeskus-budokwain-avajaiset\\\/\",\"name\":\"Kamppailukeskus Budokwain avajaiset - Budokwai Karate\",\"isPartOf\":{\"@id\":\"https:\\\/\\\/www.budokwai.fi\\\/karate\\\/#website\"},\"primaryImageOfPage\":{\"@id\":\"https:\\\/\\\/www.budokwai.fi\\\/karate\\\/2017\\\/10\\\/10\\\/kamppailukeskus-budokwain-avajaiset\\\/#primaryimage\"},\"image\":{\"@id\":\"https:\\\/\\\/www.budokwai.fi\\\/karate\\\/2017\\\/10\\\/10\\\/kamppailukeskus-budokwain-avajaiset\\\/#primaryimage\"},\"thumbnailUrl\":\"https:\\\/\\\/www.budokwai.fi\\\/karate\\\/wp\\\/wp-content\\\/uploads\\\/2017\\\/10\\\/IMG_0848-1.jpg\",\"datePublished\":\"2017-10-10T20:01:49+00:00\",\"author\":{\"@id\":\"https:\\\/\\\/www.budokwai.fi\\\/karate\\\/#\\\/schema\\\/person\\\/9cbc3b1c5800699bd040a7976fb54edb\"},\"breadcrumb\":{\"@id\":\"https:\\\/\\\/www.budokwai.fi\\\/karate\\\/2017\\\/10\\\/10\\\/kamppailukeskus-budokwain-avajaiset\\\/#breadcrumb\"},\"inLanguage\":\"en-US\",\"potentialAction\":[{\"@type\":\"ReadAction\",\"target\":[\"https:\\\/\\\/www.budokwai.fi\\\/karate\\\/2017\\\/10\\\/10\\\/kamppailukeskus-budokwain-avajaiset\\\/\"]}]},{\"@type\":\"ImageObject\",\"inLanguage\":\"en-US\",\"@id\":\"https:\\\/\\\/www.budokwai.fi\\\/karate\\\/2017\\\/10\\\/10\\\/kamppailukeskus-budokwain-avajaiset\\\/#primaryimage\",\"url\":\"https:\\\/\\\/www.budokwai.fi\\\/karate\\\/wp\\\/wp-content\\\/uploads\\\/2017\\\/10\\\/IMG_0848-1.jpg\",\"contentUrl\":\"https:\\\/\\\/www.budokwai.fi\\\/karate\\\/wp\\\/wp-content\\\/uploads\\\/2017\\\/10\\\/IMG_0848-1.jpg\",\"width\":1769,\"height\":829},{\"@type\":\"BreadcrumbList\",\"@id\":\"https:\\\/\\\/www.budokwai.fi\\\/karate\\\/2017\\\/10\\\/10\\\/kamppailukeskus-budokwain-avajaiset\\\/#breadcrumb\",\"itemListElement\":[{\"@type\":\"ListItem\",\"position\":1,\"name\":\"Home\",\"item\":\"https:\\\/\\\/www.budokwai.fi\\\/karate\\\/\"},{\"@type\":\"ListItem\",\"position\":2,\"name\":\"Kamppailukeskus Budokwain avajaiset\"}]},{\"@type\":\"WebSite\",\"@id\":\"https:\\\/\\\/www.budokwai.fi\\\/karate\\\/#website\",\"url\":\"https:\\\/\\\/www.budokwai.fi\\\/karate\\\/\",\"name\":\"Budokwai Karate\",\"description\":\"Budokwai karate\",\"potentialAction\":[{\"@type\":\"SearchAction\",\"target\":{\"@type\":\"EntryPoint\",\"urlTemplate\":\"https:\\\/\\\/www.budokwai.fi\\\/karate\\\/?s={search_term_string}\"},\"query-input\":{\"@type\":\"PropertyValueSpecification\",\"valueRequired\":true,\"valueName\":\"search_term_string\"}}],\"inLanguage\":\"en-US\"},{\"@type\":\"Person\",\"@id\":\"https:\\\/\\\/www.budokwai.fi\\\/karate\\\/#\\\/schema\\\/person\\\/9cbc3b1c5800699bd040a7976fb54edb\",\"name\":\"MikaR\",\"image\":{\"@type\":\"ImageObject\",\"inLanguage\":\"en-US\",\"@id\":\"https:\\\/\\\/secure.gravatar.com\\\/avatar\\\/dac280e88f7e589889abeb9be1edff3d7562003cc069aca97f218ca2305055f9?s=96&d=mm&r=g\",\"url\":\"https:\\\/\\\/secure.gravatar.com\\\/avatar\\\/dac280e88f7e589889abeb9be1edff3d7562003cc069aca97f218ca2305055f9?s=96&d=mm&r=g\",\"contentUrl\":\"https:\\\/\\\/secure.gravatar.com\\\/avatar\\\/dac280e88f7e589889abeb9be1edff3d7562003cc069aca97f218ca2305055f9?s=96&d=mm&r=g\",\"caption\":\"MikaR\"},\"url\":\"https:\\\/\\\/www.budokwai.fi\\\/karate\\\/author\\\/mikar\\\/\"}]}<\/script>\n<!-- \/ Yoast SEO plugin. -->","yoast_head_json":{"title":"Kamppailukeskus Budokwain avajaiset - Budokwai Karate","robots":{"index":"index","follow":"follow","max-snippet":"max-snippet:-1","max-image-preview":"max-image-preview:large","max-video-preview":"max-video-preview:-1"},"canonical":"https:\/\/www.budokwai.fi\/karate\/2017\/10\/10\/kamppailukeskus-budokwain-avajaiset\/","og_locale":"fi_FI","og_type":"article","og_title":"Kamppailukeskus Budokwain avajaiset - Budokwai Karate","og_description":"&nbsp; &nbsp; &nbsp; &nbsp; &nbsp; Koko Budokwai ry:n yhteisen salin avajaiset pidettiin syyskuussa ja salin viralliseksi nimeksi julistettiin Kamppailukeskus Budokwai.\u00a0Meill\u00e4 oli kunnia saada paikalle salin viralliseksi avaajaksi kansanedustaja ja olympiaurheilija 2000 Veera Ruoho.\u00a0Avajaisissa oli hieno koko seuran yhteisn\u00e4yt\u00f6s, itsepuolustusta, ottelua, murskausta sek\u00e4 taekwondon Universiadeissa kultaa voittanut miesjoukkueen hieno liikesarja. N\u00e4yt\u00f6sten lis\u00e4ksi tarjolla oli munkkia ja... Lue lis\u00e4\u00e4 &raquo;","og_url":"https:\/\/www.budokwai.fi\/karate\/2017\/10\/10\/kamppailukeskus-budokwain-avajaiset\/","og_site_name":"Budokwai Karate","article_publisher":"https:\/\/www.facebook.com\/budokwaikarateturku\/","article_published_time":"2017-10-10T20:01:49+00:00","og_image":[{"width":1769,"height":829,"url":"https:\/\/www.budokwai.fi\/karate\/wp\/wp-content\/uploads\/2017\/10\/IMG_0848-1.jpg","type":"image\/jpeg"}],"author":"MikaR","twitter_card":"summary_large_image","twitter_misc":{"Written by":"MikaR"},"schema":{"@context":"https:\/\/schema.org","@graph":[{"@type":"Article","@id":"https:\/\/www.budokwai.fi\/karate\/2017\/10\/10\/kamppailukeskus-budokwain-avajaiset\/#article","isPartOf":{"@id":"https:\/\/www.budokwai.fi\/karate\/2017\/10\/10\/kamppailukeskus-budokwain-avajaiset\/"},"author":{"name":"MikaR","@id":"https:\/\/www.budokwai.fi\/karate\/#\/schema\/person\/9cbc3b1c5800699bd040a7976fb54edb"},"headline":"Kamppailukeskus Budokwain avajaiset","datePublished":"2017-10-10T20:01:49+00:00","mainEntityOfPage":{"@id":"https:\/\/www.budokwai.fi\/karate\/2017\/10\/10\/kamppailukeskus-budokwain-avajaiset\/"},"wordCount":75,"image":{"@id":"https:\/\/www.budokwai.fi\/karate\/2017\/10\/10\/kamppailukeskus-budokwain-avajaiset\/#primaryimage"},"thumbnailUrl":"https:\/\/www.budokwai.fi\/karate\/wp\/wp-content\/uploads\/2017\/10\/IMG_0848-1.jpg","keywords":["Dojo","Harjoitussali"],"articleSection":["Ajankohtaista"],"inLanguage":"en-US"},{"@type":"WebPage","@id":"https:\/\/www.budokwai.fi\/karate\/2017\/10\/10\/kamppailukeskus-budokwain-avajaiset\/","url":"https:\/\/www.budokwai.fi\/karate\/2017\/10\/10\/kamppailukeskus-budokwain-avajaiset\/","name":"Kamppailukeskus Budokwain avajaiset - Budokwai Karate","isPartOf":{"@id":"https:\/\/www.budokwai.fi\/karate\/#website"},"primaryImageOfPage":{"@id":"https:\/\/www.budokwai.fi\/karate\/2017\/10\/10\/kamppailukeskus-budokwain-avajaiset\/#primaryimage"},"image":{"@id":"https:\/\/www.budokwai.fi\/karate\/2017\/10\/10\/kamppailukeskus-budokwain-avajaiset\/#primaryimage"},"thumbnailUrl":"https:\/\/www.budokwai.fi\/karate\/wp\/wp-content\/uploads\/2017\/10\/IMG_0848-1.jpg","datePublished":"2017-10-10T20:01:49+00:00","author":{"@id":"https:\/\/www.budokwai.fi\/karate\/#\/schema\/person\/9cbc3b1c5800699bd040a7976fb54edb"},"breadcrumb":{"@id":"https:\/\/www.budokwai.fi\/karate\/2017\/10\/10\/kamppailukeskus-budokwain-avajaiset\/#breadcrumb"},"inLanguage":"en-US","potentialAction":[{"@type":"ReadAction","target":["https:\/\/www.budokwai.fi\/karate\/2017\/10\/10\/kamppailukeskus-budokwain-avajaiset\/"]}]},{"@type":"ImageObject","inLanguage":"en-US","@id":"https:\/\/www.budokwai.fi\/karate\/2017\/10\/10\/kamppailukeskus-budokwain-avajaiset\/#primaryimage","url":"https:\/\/www.budokwai.fi\/karate\/wp\/wp-content\/uploads\/2017\/10\/IMG_0848-1.jpg","contentUrl":"https:\/\/www.budokwai.fi\/karate\/wp\/wp-content\/uploads\/2017\/10\/IMG_0848-1.jpg","width":1769,"height":829},{"@type":"BreadcrumbList","@id":"https:\/\/www.budokwai.fi\/karate\/2017\/10\/10\/kamppailukeskus-budokwain-avajaiset\/#breadcrumb","itemListElement":[{"@type":"ListItem","position":1,"name":"Home","item":"https:\/\/www.budokwai.fi\/karate\/"},{"@type":"ListItem","position":2,"name":"Kamppailukeskus Budokwain avajaiset"}]},{"@type":"WebSite","@id":"https:\/\/www.budokwai.fi\/karate\/#website","url":"https:\/\/www.budokwai.fi\/karate\/","name":"Budokwai Karate","description":"Budokwai karate","potentialAction":[{"@type":"SearchAction","target":{"@type":"EntryPoint","urlTemplate":"https:\/\/www.budokwai.fi\/karate\/?s={search_term_string}"},"query-input":{"@type":"PropertyValueSpecification","valueRequired":true,"valueName":"search_term_string"}}],"inLanguage":"en-US"},{"@type":"Person","@id":"https:\/\/www.budokwai.fi\/karate\/#\/schema\/person\/9cbc3b1c5800699bd040a7976fb54edb","name":"MikaR","image":{"@type":"ImageObject","inLanguage":"en-US","@id":"https:\/\/secure.gravatar.com\/avatar\/dac280e88f7e589889abeb9be1edff3d7562003cc069aca97f218ca2305055f9?s=96&d=mm&r=g","url":"https:\/\/secure.gravatar.com\/avatar\/dac280e88f7e589889abeb9be1edff3d7562003cc069aca97f218ca2305055f9?s=96&d=mm&r=g","contentUrl":"https:\/\/secure.gravatar.com\/avatar\/dac280e88f7e589889abeb9be1edff3d7562003cc069aca97f218ca2305055f9?s=96&d=mm&r=g","caption":"MikaR"},"url":"https:\/\/www.budokwai.fi\/karate\/author\/mikar\/"}]}},"_links":{"self":[{"href":"https:\/\/www.budokwai.fi\/karate\/wp-json\/wp\/v2\/posts\/3139","targetHints":{"allow":["GET"]}}],"collection":[{"href":"https:\/\/www.budokwai.fi\/karate\/wp-json\/wp\/v2\/posts"}],"about":[{"href":"https:\/\/www.budokwai.fi\/karate\/wp-json\/wp\/v2\/types\/post"}],"author":[{"embeddable":true,"href":"https:\/\/www.budokwai.fi\/karate\/wp-json\/wp\/v2\/users\/3"}],"replies":[{"embeddable":true,"href":"https:\/\/www.budokwai.fi\/karate\/wp-json\/wp\/v2\/comments?post=3139"}],"version-history":[{"count":3,"href":"https:\/\/www.budokwai.fi\/karate\/wp-json\/wp\/v2\/posts\/3139\/revisions"}],"predecessor-version":[{"id":3145,"href":"https:\/\/www.budokwai.fi\/karate\/wp-json\/wp\/v2\/posts\/3139\/revisions\/3145"}],"wp:featuredmedia":[{"embeddable":true,"href":"https:\/\/www.budokwai.fi\/karate\/wp-json\/wp\/v2\/media\/3142"}],"wp:attachment":[{"href":"https:\/\/www.budokwai.fi\/karate\/wp-json\/wp\/v2\/media?parent=3139"}],"wp:term":[{"taxonomy":"category","embeddable":true,"href":"https:\/\/www.budokwai.fi\/karate\/wp-json\/wp\/v2\/categories?post=3139"},{"taxonomy":"post_tag","embeddable":true,"href":"https:\/\/www.budokwai.fi\/karate\/wp-json\/wp\/v2\/tags?post=3139"}],"curies":[{"name":"wp","href":"https:\/\/api.w.org\/{rel}","templated":true}]}}